{"id":234220,"date":"2020-08-15T15:59:02","date_gmt":"2020-08-15T13:59:02","guid":{"rendered":"https:\/\/acefootball.com\/da\/?p=234220"},"modified":"2020-08-15T15:59:08","modified_gmt":"2020-08-15T13:59:08","slug":"rygte-barcelona-vil-fyre-abidal","status":"publish","type":"post","link":"https:\/\/acefootball.com\/da\/fodboldnyheder\/rygte-barcelona-vil-fyre-abidal\/","title":{"rendered":"Rygte: Barcelona vil ogs\u00e5 fyre Abidal"},"content":{"rendered":"\n<h2>Forlydener fra Spanien g\u00e5r p\u00e5, at det ikke kun er cheftr\u00e6ner Quique Setien, men ogs\u00e5 sportsdirekt\u00f8r Eric Abidal, der bliver fyret i Barcelona<\/h2>\n\n\n\n<p>Det er i sandhed dagen derp\u00e5 i FC Barcelona ovenp\u00e5 fredagens ydmygelse i Champions League-kvartfinalen mod Bayern M\u00fcnchen.<\/p>\n\n\n\n<p>Flere spillere kr\u00e6ver handling fra klubbens side, og pr\u00e6sident Josep Maria Bartomeu har da angiveligt ogs\u00e5 kaldt til pressem\u00f8de mandag. <\/p>\n\n\n\n<p>Her vil det langt fra v\u00e6re overraskende, hvis cheftr\u00e6ner Quique Setien bliver fyret, men rygter i Spanien g\u00e5r if\u00f8lge <a href=\"https:\/\/www.dailymail.co.uk\/sport\/football\/article-8630687\/Barcelona-sack-sporting-director-Eric-Abidal-wake-Bayern-Munich-defeat.html?ns_mchannel=rss&amp;ns_campaign=1490&amp;ito=1490\" target=\"_blank\" rel=\"noreferrer noopener\">Daily Mail<\/a> p\u00e5, at sportsdirekt\u00f8r Eric Abidal ogs\u00e5 kan st\u00e5 for skud. <\/p>\n\n\n\n<p>Er Setien p\u00e5 vej ud af d\u00f8ren, har man i Barcelona i en rum tid efter sigende kigget p\u00e5 mulige afl\u00f8sere, og her er is\u00e6r to navne sprunget i \u00f8jnene p\u00e5 ledelsen. <\/p>\n\n\n\n<p>Det kan du l\u00e6se mere om i artiklen herunder.<\/p>\n\n\n\n<figure class=\"wp-block-embed-wordpress wp-block-embed is-type-wp-embed is-provider-ace-football-danmark\"><div class=\"wp-block-embed__wrapper\">\n<blockquote class=\"wp-embedded-content\" data-secret=\"Hvbbzk2itl\"><a href=\"https:\/\/acefootball.com\/da\/fodboldnyheder\/medie-koeman-og-pochettino-staar-oeverst-paa-barcelonas-liste\/\">Medie: Koeman og Pochettino st\u00e5r \u00f8verst p\u00e5 Barcelonas liste<\/a><\/blockquote><iframe class=\"wp-embedded-content\" sandbox=\"allow-scripts\" security=\"restricted\" style=\"position: absolute; clip: rect(1px, 1px, 1px, 1px);\" title=\"&#8220;Medie: Koeman og Pochettino st\u00e5r \u00f8verst p\u00e5 Barcelonas liste&#8221; &#8212; Ace Football Danmark\" src=\"https:\/\/acefootball.com\/da\/fodboldnyheder\/medie-koeman-og-pochettino-staar-oeverst-paa-barcelonas-liste\/embed\/#?secret=Hvbbzk2itl\" data-secret=\"Hvbbzk2itl\" width=\"600\" height=\"338\" frameborder=\"0\" marginwidth=\"0\" marginheight=\"0\" scrolling=\"no\"><\/iframe>\n<\/div><\/figure>\n","protected":false},"excerpt":{"rendered":"<p>Forlydener fra Spanien g\u00e5r p\u00e5, at det ikke kun er cheftr\u00e6ner Quique Setien, men ogs\u00e5 sportsdirekt\u00f8r Eric Abidal, der bliver fyret i Barcelona<\/p>\n","protected":false},"author":347,"featured_media":234223,"comment_status":"open","ping_status":"closed","sticky":false,"template":"","format":"standard","meta":{"om_disable_all_campaigns":false,"push_articles_ronaldo":{"active":false,"canonical":0,"publish":false},"force_updates":null},"categories":[1],"tags":[1380,41,303],"enet_tags":{"team":["8634"],"league":["87"],"sport_events":[]},"yoast_head":"<!-- This site is optimized with the Yoast SEO plugin v18.3 - https:\/\/yoast.com\/wordpress\/plugins\/seo\/ -->\n<title>Rygte: Barcelona vil ogs\u00e5 fyre Abidal<\/title>\n<meta name=\"description\" content=\"Forlydener fra Spanien g\u00e5r p\u00e5, at det ikke kun er cheftr\u00e6ner Quique Setien, men ogs\u00e5 sportsdirekt\u00f8r Eric Abidal, der bliver fyret i Barcelona\" \/>\n<meta name=\"robots\" content=\"index, follow, max-snippet:-1, max-image-preview:large, max-video-preview:-1\" \/>\n<link rel=\"canonical\" href=\"https:\/\/acefootball.com\/da\/fodboldnyheder\/rygte-barcelona-vil-fyre-abidal\/\" \/>\n<meta property=\"og:locale\" content=\"en_US\" \/>\n<meta property=\"og:type\" content=\"article\" \/>\n<meta property=\"og:title\" content=\"Rygte: Barcelona vil ogs\u00e5 fyre Abidal\" \/>\n<meta property=\"og:description\" content=\"Forlydener fra Spanien g\u00e5r p\u00e5, at det ikke kun er cheftr\u00e6ner Quique Setien, men ogs\u00e5 sportsdirekt\u00f8r Eric Abidal, der bliver fyret i Barcelona\" \/>\n<meta property=\"og:url\" content=\"https:\/\/acefootball.com\/da\/fodboldnyheder\/rygte-barcelona-vil-fyre-abidal\/\" \/>\n<meta property=\"og:site_name\" content=\"Ace Football Danmark\" \/>\n<meta property=\"article:publisher\" content=\"https:\/\/www.facebook.com\/acefootballdk\" \/>\n<meta property=\"article:published_time\" content=\"2020-08-15T13:59:02+00:00\" \/>\n<meta property=\"article:modified_time\" content=\"2020-08-15T13:59:08+00:00\" \/>\n<meta property=\"og:image\" content=\"https:\/\/acefootball.com\/da\/wp-content\/uploads\/sites\/2\/2020\/08\/GettyImages-1199440654.jpg\" \/>\n\t<meta property=\"og:image:width\" content=\"1024\" \/>\n\t<meta property=\"og:image:height\" content=\"683\" \/>\n\t<meta property=\"og:image:type\" content=\"image\/jpeg\" \/>\n<meta name=\"twitter:card\" content=\"summary_large_image\" \/>\n<meta name=\"twitter:label1\" content=\"Written by\" \/>\n\t<meta name=\"twitter:data1\" content=\"Nicolaj M. J\u00f8rgensen\" \/>\n\t<meta name=\"twitter:label2\" content=\"Est. reading time\" \/>\n\t<meta name=\"twitter:data2\" content=\"1 minute\" \/>\n<script type=\"application\/ld+json\" class=\"yoast-schema-graph\">{\"@context\":\"https:\/\/schema.org\",\"@graph\":[{\"@type\":\"Organization\",\"@id\":\"https:\/\/acefootball.com\/da\/#organization\",\"name\":\"Ace Football\",\"url\":\"https:\/\/acefootball.com\/da\/\",\"sameAs\":[\"https:\/\/www.facebook.com\/acefootballdk\"],\"logo\":{\"@type\":\"ImageObject\",\"@id\":\"https:\/\/acefootball.com\/da\/#logo\",\"inLanguage\":\"en-US\",\"url\":\"https:\/\/acefootball.com\/da\/wp-content\/uploads\/sites\/2\/2020\/07\/Ace-Football-30-07-2020-2.png\",\"contentUrl\":\"https:\/\/acefootball.com\/da\/wp-content\/uploads\/sites\/2\/2020\/07\/Ace-Football-30-07-2020-2.png\",\"width\":1200,\"height\":600,\"caption\":\"Ace Football\"},\"image\":{\"@id\":\"https:\/\/acefootball.com\/da\/#logo\"}},{\"@type\":\"WebSite\",\"@id\":\"https:\/\/acefootball.com\/da\/#website\",\"url\":\"https:\/\/acefootball.com\/da\/\",\"name\":\"Ace Football Danmark\",\"description\":\"Nyheder, Spiltips &amp; Livescore\",\"publisher\":{\"@id\":\"https:\/\/acefootball.com\/da\/#organization\"},\"potentialAction\":[{\"@type\":\"SearchAction\",\"target\":{\"@type\":\"EntryPoint\",\"urlTemplate\":\"https:\/\/acefootball.com\/da\/?s={search_term_string}\"},\"query-input\":\"required name=search_term_string\"}],\"inLanguage\":\"en-US\"},{\"@type\":\"ImageObject\",\"@id\":\"https:\/\/acefootball.com\/da\/fodboldnyheder\/rygte-barcelona-vil-fyre-abidal\/#primaryimage\",\"inLanguage\":\"en-US\",\"url\":\"https:\/\/acefootball.com\/da\/wp-content\/uploads\/sites\/2\/2020\/08\/GettyImages-1199440654.jpg\",\"contentUrl\":\"https:\/\/acefootball.com\/da\/wp-content\/uploads\/sites\/2\/2020\/08\/GettyImages-1199440654.jpg\",\"width\":1024,\"height\":683,\"caption\":\"BARCELONA, SPAIN - JANUARY 14: FC Barcelona President Josep Maria Bartomeu, Head Coach Quique Setien and Sporting Director Eric Abidal pose for the media as Quique Setien is unveiled as new FC Barcelona Coach at Camp Nou on January 14, 2020 in Barcelona, Spain. (Photo by Alex Caparros\/Getty Images)\"},{\"@type\":\"WebPage\",\"@id\":\"https:\/\/acefootball.com\/da\/fodboldnyheder\/rygte-barcelona-vil-fyre-abidal\/#webpage\",\"url\":\"https:\/\/acefootball.com\/da\/fodboldnyheder\/rygte-barcelona-vil-fyre-abidal\/\",\"name\":\"Rygte: Barcelona vil ogs\u00e5 fyre Abidal\",\"isPartOf\":{\"@id\":\"https:\/\/acefootball.com\/da\/#website\"},\"primaryImageOfPage\":{\"@id\":\"https:\/\/acefootball.com\/da\/fodboldnyheder\/rygte-barcelona-vil-fyre-abidal\/#primaryimage\"},\"datePublished\":\"2020-08-15T13:59:02+00:00\",\"dateModified\":\"2020-08-15T13:59:08+00:00\",\"description\":\"Forlydener fra Spanien g\u00e5r p\u00e5, at det ikke kun er cheftr\u00e6ner Quique Setien, men ogs\u00e5 sportsdirekt\u00f8r Eric Abidal, der bliver fyret i Barcelona\",\"breadcrumb\":{\"@id\":\"https:\/\/acefootball.com\/da\/fodboldnyheder\/rygte-barcelona-vil-fyre-abidal\/#breadcrumb\"},\"inLanguage\":\"en-US\",\"potentialAction\":[{\"@type\":\"ReadAction\",\"target\":[\"https:\/\/acefootball.com\/da\/fodboldnyheder\/rygte-barcelona-vil-fyre-abidal\/\"]}]},{\"@type\":\"BreadcrumbList\",\"@id\":\"https:\/\/acefootball.com\/da\/fodboldnyheder\/rygte-barcelona-vil-fyre-abidal\/#breadcrumb\",\"itemListElement\":[{\"@type\":\"ListItem\",\"position\":1,\"name\":\"Home\",\"item\":\"https:\/\/acefootball.com\/da\/\"},{\"@type\":\"ListItem\",\"position\":2,\"name\":\"Rygte: Barcelona vil ogs\u00e5 fyre Abidal\"}]},{\"@type\":\"Article\",\"@id\":\"https:\/\/acefootball.com\/da\/fodboldnyheder\/rygte-barcelona-vil-fyre-abidal\/#article\",\"isPartOf\":{\"@id\":\"https:\/\/acefootball.com\/da\/fodboldnyheder\/rygte-barcelona-vil-fyre-abidal\/#webpage\"},\"author\":{\"@id\":\"https:\/\/acefootball.com\/da\/#\/schema\/person\/cc86c6803d8c93f30230e4dbed2a3844\"},\"headline\":\"Rygte: Barcelona vil ogs\u00e5 fyre Abidal\",\"datePublished\":\"2020-08-15T13:59:02+00:00\",\"dateModified\":\"2020-08-15T13:59:08+00:00\",\"mainEntityOfPage\":{\"@id\":\"https:\/\/acefootball.com\/da\/fodboldnyheder\/rygte-barcelona-vil-fyre-abidal\/#webpage\"},\"wordCount\":161,\"commentCount\":0,\"publisher\":{\"@id\":\"https:\/\/acefootball.com\/da\/#organization\"},\"image\":{\"@id\":\"https:\/\/acefootball.com\/da\/fodboldnyheder\/rygte-barcelona-vil-fyre-abidal\/#primaryimage\"},\"thumbnailUrl\":\"https:\/\/acefootball.com\/da\/wp-content\/uploads\/sites\/2\/2020\/08\/GettyImages-1199440654.jpg\",\"keywords\":[\"Eric Abidal\",\"FC Barcelona\",\"La Liga\"],\"articleSection\":[\"Nyhed\"],\"inLanguage\":\"en-US\",\"potentialAction\":[{\"@type\":\"CommentAction\",\"name\":\"Comment\",\"target\":[\"https:\/\/acefootball.com\/da\/fodboldnyheder\/rygte-barcelona-vil-fyre-abidal\/#respond\"]}]},{\"@type\":\"Person\",\"@id\":\"https:\/\/acefootball.com\/da\/#\/schema\/person\/cc86c6803d8c93f30230e4dbed2a3844\",\"name\":\"Nicolaj M. J\u00f8rgensen\",\"image\":{\"@type\":\"ImageObject\",\"@id\":\"https:\/\/acefootball.com\/da\/#personlogo\",\"inLanguage\":\"en-US\",\"url\":\"https:\/\/secure.gravatar.com\/avatar\/757fd92a7fd5c1d31c37aee3425e7f74?s=96&d=mm&r=g\",\"contentUrl\":\"https:\/\/secure.gravatar.com\/avatar\/757fd92a7fd5c1d31c37aee3425e7f74?s=96&d=mm&r=g\",\"caption\":\"Nicolaj M. J\u00f8rgensen\"},\"url\":\"https:\/\/acefootball.com\/da\/fodboldnyheder\/author\/nicolajmortenj\/\"}]}<\/script>\n<!-- \/ Yoast SEO plugin. -->","yoast_head_json":{"title":"Rygte: Barcelona vil ogs\u00e5 fyre Abidal","description":"Forlydener fra Spanien g\u00e5r p\u00e5, at det ikke kun er cheftr\u00e6ner Quique Setien, men ogs\u00e5 sportsdirekt\u00f8r Eric Abidal, der bliver fyret i Barcelona","robots":{"index":"index","follow":"follow","max-snippet":"max-snippet:-1","max-image-preview":"max-image-preview:large","max-video-preview":"max-video-preview:-1"},"canonical":"https:\/\/acefootball.com\/da\/fodboldnyheder\/rygte-barcelona-vil-fyre-abidal\/","og_locale":"en_US","og_type":"article","og_title":"Rygte: Barcelona vil ogs\u00e5 fyre Abidal","og_description":"Forlydener fra Spanien g\u00e5r p\u00e5, at det ikke kun er cheftr\u00e6ner Quique Setien, men ogs\u00e5 sportsdirekt\u00f8r Eric Abidal, der bliver fyret i Barcelona","og_url":"https:\/\/acefootball.com\/da\/fodboldnyheder\/rygte-barcelona-vil-fyre-abidal\/","og_site_name":"Ace Football Danmark","article_publisher":"https:\/\/www.facebook.com\/acefootballdk","article_published_time":"2020-08-15T13:59:02+00:00","article_modified_time":"2020-08-15T13:59:08+00:00","og_image":[{"width":1024,"height":683,"url":"https:\/\/acefootball.com\/da\/wp-content\/uploads\/sites\/2\/2020\/08\/GettyImages-1199440654.jpg","type":"image\/jpeg"}],"twitter_card":"summary_large_image","twitter_misc":{"Written by":"Nicolaj M. J\u00f8rgensen","Est. reading time":"1 minute"},"schema":{"@context":"https:\/\/schema.org","@graph":[{"@type":"Organization","@id":"https:\/\/acefootball.com\/da\/#organization","name":"Ace Football","url":"https:\/\/acefootball.com\/da\/","sameAs":["https:\/\/www.facebook.com\/acefootballdk"],"logo":{"@type":"ImageObject","@id":"https:\/\/acefootball.com\/da\/#logo","inLanguage":"en-US","url":"https:\/\/acefootball.com\/da\/wp-content\/uploads\/sites\/2\/2020\/07\/Ace-Football-30-07-2020-2.png","contentUrl":"https:\/\/acefootball.com\/da\/wp-content\/uploads\/sites\/2\/2020\/07\/Ace-Football-30-07-2020-2.png","width":1200,"height":600,"caption":"Ace Football"},"image":{"@id":"https:\/\/acefootball.com\/da\/#logo"}},{"@type":"WebSite","@id":"https:\/\/acefootball.com\/da\/#website","url":"https:\/\/acefootball.com\/da\/","name":"Ace Football Danmark","description":"Nyheder, Spiltips &amp; Livescore","publisher":{"@id":"https:\/\/acefootball.com\/da\/#organization"},"potentialAction":[{"@type":"SearchAction","target":{"@type":"EntryPoint","urlTemplate":"https:\/\/acefootball.com\/da\/?s={search_term_string}"},"query-input":"required name=search_term_string"}],"inLanguage":"en-US"},{"@type":"ImageObject","@id":"https:\/\/acefootball.com\/da\/fodboldnyheder\/rygte-barcelona-vil-fyre-abidal\/#primaryimage","inLanguage":"en-US","url":"https:\/\/acefootball.com\/da\/wp-content\/uploads\/sites\/2\/2020\/08\/GettyImages-1199440654.jpg","contentUrl":"https:\/\/acefootball.com\/da\/wp-content\/uploads\/sites\/2\/2020\/08\/GettyImages-1199440654.jpg","width":1024,"height":683,"caption":"BARCELONA, SPAIN - JANUARY 14: FC Barcelona President Josep Maria Bartomeu, Head Coach Quique Setien and Sporting Director Eric Abidal pose for the media as Quique Setien is unveiled as new FC Barcelona Coach at Camp Nou on January 14, 2020 in Barcelona, Spain. (Photo by Alex Caparros\/Getty Images)"},{"@type":"WebPage","@id":"https:\/\/acefootball.com\/da\/fodboldnyheder\/rygte-barcelona-vil-fyre-abidal\/#webpage","url":"https:\/\/acefootball.com\/da\/fodboldnyheder\/rygte-barcelona-vil-fyre-abidal\/","name":"Rygte: Barcelona vil ogs\u00e5 fyre Abidal","isPartOf":{"@id":"https:\/\/acefootball.com\/da\/#website"},"primaryImageOfPage":{"@id":"https:\/\/acefootball.com\/da\/fodboldnyheder\/rygte-barcelona-vil-fyre-abidal\/#primaryimage"},"datePublished":"2020-08-15T13:59:02+00:00","dateModified":"2020-08-15T13:59:08+00:00","description":"Forlydener fra Spanien g\u00e5r p\u00e5, at det ikke kun er cheftr\u00e6ner Quique Setien, men ogs\u00e5 sportsdirekt\u00f8r Eric Abidal, der bliver fyret i Barcelona","breadcrumb":{"@id":"https:\/\/acefootball.com\/da\/fodboldnyheder\/rygte-barcelona-vil-fyre-abidal\/#breadcrumb"},"inLanguage":"en-US","potentialAction":[{"@type":"ReadAction","target":["https:\/\/acefootball.com\/da\/fodboldnyheder\/rygte-barcelona-vil-fyre-abidal\/"]}]},{"@type":"BreadcrumbList","@id":"https:\/\/acefootball.com\/da\/fodboldnyheder\/rygte-barcelona-vil-fyre-abidal\/#breadcrumb","itemListElement":[{"@type":"ListItem","position":1,"name":"Home","item":"https:\/\/acefootball.com\/da\/"},{"@type":"ListItem","position":2,"name":"Rygte: Barcelona vil ogs\u00e5 fyre Abidal"}]},{"@type":"Article","@id":"https:\/\/acefootball.com\/da\/fodboldnyheder\/rygte-barcelona-vil-fyre-abidal\/#article","isPartOf":{"@id":"https:\/\/acefootball.com\/da\/fodboldnyheder\/rygte-barcelona-vil-fyre-abidal\/#webpage"},"author":{"@id":"https:\/\/acefootball.com\/da\/#\/schema\/person\/cc86c6803d8c93f30230e4dbed2a3844"},"headline":"Rygte: Barcelona vil ogs\u00e5 fyre Abidal","datePublished":"2020-08-15T13:59:02+00:00","dateModified":"2020-08-15T13:59:08+00:00","mainEntityOfPage":{"@id":"https:\/\/acefootball.com\/da\/fodboldnyheder\/rygte-barcelona-vil-fyre-abidal\/#webpage"},"wordCount":161,"commentCount":0,"publisher":{"@id":"https:\/\/acefootball.com\/da\/#organization"},"image":{"@id":"https:\/\/acefootball.com\/da\/fodboldnyheder\/rygte-barcelona-vil-fyre-abidal\/#primaryimage"},"thumbnailUrl":"https:\/\/acefootball.com\/da\/wp-content\/uploads\/sites\/2\/2020\/08\/GettyImages-1199440654.jpg","keywords":["Eric Abidal","FC Barcelona","La Liga"],"articleSection":["Nyhed"],"inLanguage":"en-US","potentialAction":[{"@type":"CommentAction","name":"Comment","target":["https:\/\/acefootball.com\/da\/fodboldnyheder\/rygte-barcelona-vil-fyre-abidal\/#respond"]}]},{"@type":"Person","@id":"https:\/\/acefootball.com\/da\/#\/schema\/person\/cc86c6803d8c93f30230e4dbed2a3844","name":"Nicolaj M. J\u00f8rgensen","image":{"@type":"ImageObject","@id":"https:\/\/acefootball.com\/da\/#personlogo","inLanguage":"en-US","url":"https:\/\/secure.gravatar.com\/avatar\/757fd92a7fd5c1d31c37aee3425e7f74?s=96&d=mm&r=g","contentUrl":"https:\/\/secure.gravatar.com\/avatar\/757fd92a7fd5c1d31c37aee3425e7f74?s=96&d=mm&r=g","caption":"Nicolaj M. J\u00f8rgensen"},"url":"https:\/\/acefootball.com\/da\/fodboldnyheder\/author\/nicolajmortenj\/"}]}},"fimg_url":"https:\/\/acefootball.com\/da\/wp-content\/uploads\/sites\/2\/2020\/08\/GettyImages-1199440654.jpg","_links":{"self":[{"href":"https:\/\/acefootball.com\/da\/wp-json\/wp\/v2\/posts\/234220"}],"collection":[{"href":"https:\/\/acefootball.com\/da\/wp-json\/wp\/v2\/posts"}],"about":[{"href":"https:\/\/acefootball.com\/da\/wp-json\/wp\/v2\/types\/post"}],"author":[{"embeddable":true,"href":"https:\/\/acefootball.com\/da\/wp-json\/wp\/v2\/users\/347"}],"replies":[{"embeddable":true,"href":"https:\/\/acefootball.com\/da\/wp-json\/wp\/v2\/comments?post=234220"}],"version-history":[{"count":0,"href":"https:\/\/acefootball.com\/da\/wp-json\/wp\/v2\/posts\/234220\/revisions"}],"wp:featuredmedia":[{"embeddable":true,"href":"https:\/\/acefootball.com\/da\/wp-json\/wp\/v2\/media\/234223"}],"wp:attachment":[{"href":"https:\/\/acefootball.com\/da\/wp-json\/wp\/v2\/media?parent=234220"}],"wp:term":[{"taxonomy":"category","embeddable":true,"href":"https:\/\/acefootball.com\/da\/wp-json\/wp\/v2\/categories?post=234220"},{"taxonomy":"post_tag","embeddable":true,"href":"https:\/\/acefootball.com\/da\/wp-json\/wp\/v2\/tags?post=234220"}],"curies":[{"name":"wp","href":"https:\/\/api.w.org\/{rel}","templated":true}]}}