{"id":234134,"date":"2020-08-14T14:57:25","date_gmt":"2020-08-14T12:57:25","guid":{"rendered":"https:\/\/acefootball.com\/da\/?p=234134"},"modified":"2020-08-14T14:57:25","modified_gmt":"2020-08-14T12:57:25","slug":"eb-varsler-om-ny-lejesvend-fra-udlandet-i-broendby-if","status":"publish","type":"post","link":"https:\/\/acefootball.com\/da\/fodboldnyheder\/eb-varsler-om-ny-lejesvend-fra-udlandet-i-broendby-if\/","title":{"rendered":"EB varsler om ny lejesvend fra udlandet i Br\u00f8ndby IF"},"content":{"rendered":"\n<h2>Ekstra Bladet har analyseret situationen i Br\u00f8ndby IF, og de regner med, at klubben vil hente en offensiv lejesvend fra udlandet<\/h2>\n\n\n\n<p>Det er nye tider i Br\u00f8ndby IF, hvor fodbolddirekt\u00f8r Carsten V. Jensen er godt i gang med at f\u00e5 ryddet op i b\u00e5de spillertrup og \u00f8konomi.<\/p>\n\n\n\n<p>Derfor skal de bl\u00e5gule fans heller ikke regne med de store spillerindk\u00f8b denne sommer, hvor det dog er planen, at der skal hentes forst\u00e6rkninger b\u00e5de til venstre backen og i angrebet. <\/p>\n\n\n\n<p>Skal man tro det danske medie Ekstra Bladet, der har analyseret situationen p\u00e5 Vestegnen, lugter det meget af en lejeaftale med en udl\u00e6nding.<\/p>\n\n\n\n<p>&#8220;P\u00e5 angrebsfronten kan det ligne en ny lejeaftale med en udl\u00e6nding. Lidt i stil med Samuel Mr\u00e1z, som Br\u00f8ndby kunne k\u00f8be fri i Empoli for fem mio. kr. Men her ville pengene v\u00e6re d\u00e5rligt givet ud. Derfor r\u00f8g han retur,&#8221; skriver <a href=\"https:\/\/ekstrabladet.dk\/plus\/sportogspil\/broendbys-transfersommer-saadan-vil-de-handle\/8245975\" target=\"_blank\" rel=\"noreferrer noopener\">Ekstra Bladet<\/a>.<\/p>\n\n\n\n<p>Avisen skriver desuden, at alt peger imod et farvel til b\u00e5de Marvin Schw\u00e4be og Anthony Jung, mens det samme er tilf\u00e6ldet med Hj\u00f6rtur Hermannsson, hvis agent arbejder ih\u00e6rdigt p\u00e5 at sende ham til Leeds United i Premier League.<\/p>\n\n\n\n<div class=\"wp-block-si-widget wp-block-si-widget--center\"><si-lb-widget widget-id=\"ThreePlayersToWatchOPTA\" data-agregate-by-avg=\"false\" width=\"440\" data-card=\"true\" data-language=\"da\" data-provider=\"mrgreen\" data-player-id-startnumbersoneendnumbers=\"343766\" data-season-id-startnumbersoneendnumbers=\"13958\" data-profile-type-startnumbersoneendnumbers=\"defender\" data-player-id-startnumberstwoendnumbers=\"573465\" data-season-id-startnumberstwoendnumbers=\"13958\" data-profile-type-startnumberstwoendnumbers=\"keeper\" data-player-id-startnumbersthreeendnumbers=\"264913\" data-season-id-startnumbersthreeendnumbers=\"13958\" data-profile-type-startnumbersthreeendnumbers=\"defender\"><\/si-lb-widget><\/div>\n","protected":false},"excerpt":{"rendered":"<p>Ekstra Bladet har analyseret situationen i Br\u00f8ndby IF, og de regner med, at klubben vil hente en offensiv lejesvend fra udlandet<\/p>\n","protected":false},"author":74,"featured_media":234135,"comment_status":"open","ping_status":"closed","sticky":false,"template":"","format":"standard","meta":{"om_disable_all_campaigns":false,"push_articles_ronaldo":{"active":false,"canonical":0,"publish":false},"force_updates":null},"categories":[1],"tags":[53,588],"enet_tags":{"team":["8595"],"league":["46"],"sport_events":[]},"yoast_head":"<!-- This site is optimized with the Yoast SEO plugin v18.3 - https:\/\/yoast.com\/wordpress\/plugins\/seo\/ -->\n<title>EB varsler om ny lejesvend fra udlandet i Br\u00f8ndby IF<\/title>\n<meta name=\"description\" content=\"Ekstra Bladet har analyseret situationen i Br\u00f8ndby IF, og de regner med, at klubben vil hente en offensiv lejesvend fra udlandet\" \/>\n<meta name=\"robots\" content=\"index, follow, max-snippet:-1, max-image-preview:large, max-video-preview:-1\" \/>\n<link rel=\"canonical\" href=\"https:\/\/acefootball.com\/da\/fodboldnyheder\/eb-varsler-om-ny-lejesvend-fra-udlandet-i-broendby-if\/\" \/>\n<meta property=\"og:locale\" content=\"en_US\" \/>\n<meta property=\"og:type\" content=\"article\" \/>\n<meta property=\"og:title\" content=\"EB varsler om ny lejesvend fra udlandet i Br\u00f8ndby IF\" \/>\n<meta property=\"og:description\" content=\"Ekstra Bladet har analyseret situationen i Br\u00f8ndby IF, og de regner med, at klubben vil hente en offensiv lejesvend fra udlandet\" \/>\n<meta property=\"og:url\" content=\"https:\/\/acefootball.com\/da\/fodboldnyheder\/eb-varsler-om-ny-lejesvend-fra-udlandet-i-broendby-if\/\" \/>\n<meta property=\"og:site_name\" content=\"Ace Football Danmark\" \/>\n<meta property=\"article:publisher\" content=\"https:\/\/www.facebook.com\/acefootballdk\" \/>\n<meta property=\"article:published_time\" content=\"2020-08-14T12:57:25+00:00\" \/>\n<meta property=\"og:image\" content=\"https:\/\/acefootball.com\/da\/wp-content\/uploads\/sites\/2\/2020\/08\/GettyImages-1155197885-1.jpg\" \/>\n\t<meta property=\"og:image:width\" content=\"1024\" \/>\n\t<meta property=\"og:image:height\" content=\"683\" \/>\n\t<meta property=\"og:image:type\" content=\"image\/jpeg\" \/>\n<meta name=\"twitter:card\" content=\"summary_large_image\" \/>\n<meta name=\"twitter:label1\" content=\"Written by\" \/>\n\t<meta name=\"twitter:data1\" content=\"Patrick Hesselb\u00e6k\" \/>\n\t<meta name=\"twitter:label2\" content=\"Est. reading time\" \/>\n\t<meta name=\"twitter:data2\" content=\"1 minute\" \/>\n<script type=\"application\/ld+json\" class=\"yoast-schema-graph\">{\"@context\":\"https:\/\/schema.org\",\"@graph\":[{\"@type\":\"Organization\",\"@id\":\"https:\/\/acefootball.com\/da\/#organization\",\"name\":\"Ace Football\",\"url\":\"https:\/\/acefootball.com\/da\/\",\"sameAs\":[\"https:\/\/www.facebook.com\/acefootballdk\"],\"logo\":{\"@type\":\"ImageObject\",\"@id\":\"https:\/\/acefootball.com\/da\/#logo\",\"inLanguage\":\"en-US\",\"url\":\"https:\/\/acefootball.com\/da\/wp-content\/uploads\/sites\/2\/2020\/07\/Ace-Football-30-07-2020-2.png\",\"contentUrl\":\"https:\/\/acefootball.com\/da\/wp-content\/uploads\/sites\/2\/2020\/07\/Ace-Football-30-07-2020-2.png\",\"width\":1200,\"height\":600,\"caption\":\"Ace Football\"},\"image\":{\"@id\":\"https:\/\/acefootball.com\/da\/#logo\"}},{\"@type\":\"WebSite\",\"@id\":\"https:\/\/acefootball.com\/da\/#website\",\"url\":\"https:\/\/acefootball.com\/da\/\",\"name\":\"Ace Football Danmark\",\"description\":\"Nyheder, Spiltips &amp; Livescore\",\"publisher\":{\"@id\":\"https:\/\/acefootball.com\/da\/#organization\"},\"potentialAction\":[{\"@type\":\"SearchAction\",\"target\":{\"@type\":\"EntryPoint\",\"urlTemplate\":\"https:\/\/acefootball.com\/da\/?s={search_term_string}\"},\"query-input\":\"required name=search_term_string\"}],\"inLanguage\":\"en-US\"},{\"@type\":\"ImageObject\",\"@id\":\"https:\/\/acefootball.com\/da\/fodboldnyheder\/eb-varsler-om-ny-lejesvend-fra-udlandet-i-broendby-if\/#primaryimage\",\"inLanguage\":\"en-US\",\"url\":\"https:\/\/acefootball.com\/da\/wp-content\/uploads\/sites\/2\/2020\/08\/GettyImages-1155197885-1.jpg\",\"contentUrl\":\"https:\/\/acefootball.com\/da\/wp-content\/uploads\/sites\/2\/2020\/08\/GettyImages-1155197885-1.jpg\",\"width\":1024,\"height\":683,\"caption\":\"BRONDBY, DENMARK - JULY 11: Carsten V. Jensen, Executive Football Director of Brondby IF prior to the Europa League qualification match between Brondby IF and FC Inter Turku at Brondby Stadion on July 11, 2019 in Brondby, Denmark. (Photo by Jan Christensen \/ FrontzoneSport via Getty Images)\"},{\"@type\":\"WebPage\",\"@id\":\"https:\/\/acefootball.com\/da\/fodboldnyheder\/eb-varsler-om-ny-lejesvend-fra-udlandet-i-broendby-if\/#webpage\",\"url\":\"https:\/\/acefootball.com\/da\/fodboldnyheder\/eb-varsler-om-ny-lejesvend-fra-udlandet-i-broendby-if\/\",\"name\":\"EB varsler om ny lejesvend fra udlandet i Br\u00f8ndby IF\",\"isPartOf\":{\"@id\":\"https:\/\/acefootball.com\/da\/#website\"},\"primaryImageOfPage\":{\"@id\":\"https:\/\/acefootball.com\/da\/fodboldnyheder\/eb-varsler-om-ny-lejesvend-fra-udlandet-i-broendby-if\/#primaryimage\"},\"datePublished\":\"2020-08-14T12:57:25+00:00\",\"dateModified\":\"2020-08-14T12:57:25+00:00\",\"description\":\"Ekstra Bladet har analyseret situationen i Br\u00f8ndby IF, og de regner med, at klubben vil hente en offensiv lejesvend fra udlandet\",\"breadcrumb\":{\"@id\":\"https:\/\/acefootball.com\/da\/fodboldnyheder\/eb-varsler-om-ny-lejesvend-fra-udlandet-i-broendby-if\/#breadcrumb\"},\"inLanguage\":\"en-US\",\"potentialAction\":[{\"@type\":\"ReadAction\",\"target\":[\"https:\/\/acefootball.com\/da\/fodboldnyheder\/eb-varsler-om-ny-lejesvend-fra-udlandet-i-broendby-if\/\"]}]},{\"@type\":\"BreadcrumbList\",\"@id\":\"https:\/\/acefootball.com\/da\/fodboldnyheder\/eb-varsler-om-ny-lejesvend-fra-udlandet-i-broendby-if\/#breadcrumb\",\"itemListElement\":[{\"@type\":\"ListItem\",\"position\":1,\"name\":\"Home\",\"item\":\"https:\/\/acefootball.com\/da\/\"},{\"@type\":\"ListItem\",\"position\":2,\"name\":\"EB varsler om ny lejesvend fra udlandet i Br\u00f8ndby IF\"}]},{\"@type\":\"Article\",\"@id\":\"https:\/\/acefootball.com\/da\/fodboldnyheder\/eb-varsler-om-ny-lejesvend-fra-udlandet-i-broendby-if\/#article\",\"isPartOf\":{\"@id\":\"https:\/\/acefootball.com\/da\/fodboldnyheder\/eb-varsler-om-ny-lejesvend-fra-udlandet-i-broendby-if\/#webpage\"},\"author\":{\"@id\":\"https:\/\/acefootball.com\/da\/#\/schema\/person\/fd6223a1c033400b41da7853ddf88c84\"},\"headline\":\"EB varsler om ny lejesvend fra udlandet i Br\u00f8ndby IF\",\"datePublished\":\"2020-08-14T12:57:25+00:00\",\"dateModified\":\"2020-08-14T12:57:25+00:00\",\"mainEntityOfPage\":{\"@id\":\"https:\/\/acefootball.com\/da\/fodboldnyheder\/eb-varsler-om-ny-lejesvend-fra-udlandet-i-broendby-if\/#webpage\"},\"wordCount\":214,\"commentCount\":0,\"publisher\":{\"@id\":\"https:\/\/acefootball.com\/da\/#organization\"},\"image\":{\"@id\":\"https:\/\/acefootball.com\/da\/fodboldnyheder\/eb-varsler-om-ny-lejesvend-fra-udlandet-i-broendby-if\/#primaryimage\"},\"thumbnailUrl\":\"https:\/\/acefootball.com\/da\/wp-content\/uploads\/sites\/2\/2020\/08\/GettyImages-1155197885-1.jpg\",\"keywords\":[\"Br\u00f8ndby IF\",\"Superligaen\"],\"articleSection\":[\"Nyhed\"],\"inLanguage\":\"en-US\",\"potentialAction\":[{\"@type\":\"CommentAction\",\"name\":\"Comment\",\"target\":[\"https:\/\/acefootball.com\/da\/fodboldnyheder\/eb-varsler-om-ny-lejesvend-fra-udlandet-i-broendby-if\/#respond\"]}]},{\"@type\":\"Person\",\"@id\":\"https:\/\/acefootball.com\/da\/#\/schema\/person\/fd6223a1c033400b41da7853ddf88c84\",\"name\":\"Patrick Hesselb\u00e6k\",\"image\":{\"@type\":\"ImageObject\",\"@id\":\"https:\/\/acefootball.com\/da\/#personlogo\",\"inLanguage\":\"en-US\",\"url\":\"https:\/\/secure.gravatar.com\/avatar\/7919060992759bffbffb199d6cbdce6f?s=96&d=mm&r=g\",\"contentUrl\":\"https:\/\/secure.gravatar.com\/avatar\/7919060992759bffbffb199d6cbdce6f?s=96&d=mm&r=g\",\"caption\":\"Patrick Hesselb\u00e6k\"},\"description\":\"Redakt\u00f8r p\u00e5 den danske Ace Football-redaktion. Uddannet i kommunikation fra Aalborg Universitet. Prim\u00e6rt fokus p\u00e5 den danske 3F Superliga og de st\u00f8rste europ\u00e6iske turneringer.\",\"sameAs\":[\"https:\/\/www.linkedin.com\/in\/patrick-hesselbk-2a4b1711a\/\"],\"url\":\"https:\/\/acefootball.com\/da\/fodboldnyheder\/author\/patrickhesselbaek\/\"}]}<\/script>\n<!-- \/ Yoast SEO plugin. -->","yoast_head_json":{"title":"EB varsler om ny lejesvend fra udlandet i Br\u00f8ndby IF","description":"Ekstra Bladet har analyseret situationen i Br\u00f8ndby IF, og de regner med, at klubben vil hente en offensiv lejesvend fra udlandet","robots":{"index":"index","follow":"follow","max-snippet":"max-snippet:-1","max-image-preview":"max-image-preview:large","max-video-preview":"max-video-preview:-1"},"canonical":"https:\/\/acefootball.com\/da\/fodboldnyheder\/eb-varsler-om-ny-lejesvend-fra-udlandet-i-broendby-if\/","og_locale":"en_US","og_type":"article","og_title":"EB varsler om ny lejesvend fra udlandet i Br\u00f8ndby IF","og_description":"Ekstra Bladet har analyseret situationen i Br\u00f8ndby IF, og de regner med, at klubben vil hente en offensiv lejesvend fra udlandet","og_url":"https:\/\/acefootball.com\/da\/fodboldnyheder\/eb-varsler-om-ny-lejesvend-fra-udlandet-i-broendby-if\/","og_site_name":"Ace Football Danmark","article_publisher":"https:\/\/www.facebook.com\/acefootballdk","article_published_time":"2020-08-14T12:57:25+00:00","og_image":[{"width":1024,"height":683,"url":"https:\/\/acefootball.com\/da\/wp-content\/uploads\/sites\/2\/2020\/08\/GettyImages-1155197885-1.jpg","type":"image\/jpeg"}],"twitter_card":"summary_large_image","twitter_misc":{"Written by":"Patrick Hesselb\u00e6k","Est. reading time":"1 minute"},"schema":{"@context":"https:\/\/schema.org","@graph":[{"@type":"Organization","@id":"https:\/\/acefootball.com\/da\/#organization","name":"Ace Football","url":"https:\/\/acefootball.com\/da\/","sameAs":["https:\/\/www.facebook.com\/acefootballdk"],"logo":{"@type":"ImageObject","@id":"https:\/\/acefootball.com\/da\/#logo","inLanguage":"en-US","url":"https:\/\/acefootball.com\/da\/wp-content\/uploads\/sites\/2\/2020\/07\/Ace-Football-30-07-2020-2.png","contentUrl":"https:\/\/acefootball.com\/da\/wp-content\/uploads\/sites\/2\/2020\/07\/Ace-Football-30-07-2020-2.png","width":1200,"height":600,"caption":"Ace Football"},"image":{"@id":"https:\/\/acefootball.com\/da\/#logo"}},{"@type":"WebSite","@id":"https:\/\/acefootball.com\/da\/#website","url":"https:\/\/acefootball.com\/da\/","name":"Ace Football Danmark","description":"Nyheder, Spiltips &amp; Livescore","publisher":{"@id":"https:\/\/acefootball.com\/da\/#organization"},"potentialAction":[{"@type":"SearchAction","target":{"@type":"EntryPoint","urlTemplate":"https:\/\/acefootball.com\/da\/?s={search_term_string}"},"query-input":"required name=search_term_string"}],"inLanguage":"en-US"},{"@type":"ImageObject","@id":"https:\/\/acefootball.com\/da\/fodboldnyheder\/eb-varsler-om-ny-lejesvend-fra-udlandet-i-broendby-if\/#primaryimage","inLanguage":"en-US","url":"https:\/\/acefootball.com\/da\/wp-content\/uploads\/sites\/2\/2020\/08\/GettyImages-1155197885-1.jpg","contentUrl":"https:\/\/acefootball.com\/da\/wp-content\/uploads\/sites\/2\/2020\/08\/GettyImages-1155197885-1.jpg","width":1024,"height":683,"caption":"BRONDBY, DENMARK - JULY 11: Carsten V. Jensen, Executive Football Director of Brondby IF prior to the Europa League qualification match between Brondby IF and FC Inter Turku at Brondby Stadion on July 11, 2019 in Brondby, Denmark. (Photo by Jan Christensen \/ FrontzoneSport via Getty Images)"},{"@type":"WebPage","@id":"https:\/\/acefootball.com\/da\/fodboldnyheder\/eb-varsler-om-ny-lejesvend-fra-udlandet-i-broendby-if\/#webpage","url":"https:\/\/acefootball.com\/da\/fodboldnyheder\/eb-varsler-om-ny-lejesvend-fra-udlandet-i-broendby-if\/","name":"EB varsler om ny lejesvend fra udlandet i Br\u00f8ndby IF","isPartOf":{"@id":"https:\/\/acefootball.com\/da\/#website"},"primaryImageOfPage":{"@id":"https:\/\/acefootball.com\/da\/fodboldnyheder\/eb-varsler-om-ny-lejesvend-fra-udlandet-i-broendby-if\/#primaryimage"},"datePublished":"2020-08-14T12:57:25+00:00","dateModified":"2020-08-14T12:57:25+00:00","description":"Ekstra Bladet har analyseret situationen i Br\u00f8ndby IF, og de regner med, at klubben vil hente en offensiv lejesvend fra udlandet","breadcrumb":{"@id":"https:\/\/acefootball.com\/da\/fodboldnyheder\/eb-varsler-om-ny-lejesvend-fra-udlandet-i-broendby-if\/#breadcrumb"},"inLanguage":"en-US","potentialAction":[{"@type":"ReadAction","target":["https:\/\/acefootball.com\/da\/fodboldnyheder\/eb-varsler-om-ny-lejesvend-fra-udlandet-i-broendby-if\/"]}]},{"@type":"BreadcrumbList","@id":"https:\/\/acefootball.com\/da\/fodboldnyheder\/eb-varsler-om-ny-lejesvend-fra-udlandet-i-broendby-if\/#breadcrumb","itemListElement":[{"@type":"ListItem","position":1,"name":"Home","item":"https:\/\/acefootball.com\/da\/"},{"@type":"ListItem","position":2,"name":"EB varsler om ny lejesvend fra udlandet i Br\u00f8ndby IF"}]},{"@type":"Article","@id":"https:\/\/acefootball.com\/da\/fodboldnyheder\/eb-varsler-om-ny-lejesvend-fra-udlandet-i-broendby-if\/#article","isPartOf":{"@id":"https:\/\/acefootball.com\/da\/fodboldnyheder\/eb-varsler-om-ny-lejesvend-fra-udlandet-i-broendby-if\/#webpage"},"author":{"@id":"https:\/\/acefootball.com\/da\/#\/schema\/person\/fd6223a1c033400b41da7853ddf88c84"},"headline":"EB varsler om ny lejesvend fra udlandet i Br\u00f8ndby IF","datePublished":"2020-08-14T12:57:25+00:00","dateModified":"2020-08-14T12:57:25+00:00","mainEntityOfPage":{"@id":"https:\/\/acefootball.com\/da\/fodboldnyheder\/eb-varsler-om-ny-lejesvend-fra-udlandet-i-broendby-if\/#webpage"},"wordCount":214,"commentCount":0,"publisher":{"@id":"https:\/\/acefootball.com\/da\/#organization"},"image":{"@id":"https:\/\/acefootball.com\/da\/fodboldnyheder\/eb-varsler-om-ny-lejesvend-fra-udlandet-i-broendby-if\/#primaryimage"},"thumbnailUrl":"https:\/\/acefootball.com\/da\/wp-content\/uploads\/sites\/2\/2020\/08\/GettyImages-1155197885-1.jpg","keywords":["Br\u00f8ndby IF","Superligaen"],"articleSection":["Nyhed"],"inLanguage":"en-US","potentialAction":[{"@type":"CommentAction","name":"Comment","target":["https:\/\/acefootball.com\/da\/fodboldnyheder\/eb-varsler-om-ny-lejesvend-fra-udlandet-i-broendby-if\/#respond"]}]},{"@type":"Person","@id":"https:\/\/acefootball.com\/da\/#\/schema\/person\/fd6223a1c033400b41da7853ddf88c84","name":"Patrick Hesselb\u00e6k","image":{"@type":"ImageObject","@id":"https:\/\/acefootball.com\/da\/#personlogo","inLanguage":"en-US","url":"https:\/\/secure.gravatar.com\/avatar\/7919060992759bffbffb199d6cbdce6f?s=96&d=mm&r=g","contentUrl":"https:\/\/secure.gravatar.com\/avatar\/7919060992759bffbffb199d6cbdce6f?s=96&d=mm&r=g","caption":"Patrick Hesselb\u00e6k"},"description":"Redakt\u00f8r p\u00e5 den danske Ace Football-redaktion. Uddannet i kommunikation fra Aalborg Universitet. Prim\u00e6rt fokus p\u00e5 den danske 3F Superliga og de st\u00f8rste europ\u00e6iske turneringer.","sameAs":["https:\/\/www.linkedin.com\/in\/patrick-hesselbk-2a4b1711a\/"],"url":"https:\/\/acefootball.com\/da\/fodboldnyheder\/author\/patrickhesselbaek\/"}]}},"fimg_url":"https:\/\/acefootball.com\/da\/wp-content\/uploads\/sites\/2\/2020\/08\/GettyImages-1155197885-1.jpg","_links":{"self":[{"href":"https:\/\/acefootball.com\/da\/wp-json\/wp\/v2\/posts\/234134"}],"collection":[{"href":"https:\/\/acefootball.com\/da\/wp-json\/wp\/v2\/posts"}],"about":[{"href":"https:\/\/acefootball.com\/da\/wp-json\/wp\/v2\/types\/post"}],"author":[{"embeddable":true,"href":"https:\/\/acefootball.com\/da\/wp-json\/wp\/v2\/users\/74"}],"replies":[{"embeddable":true,"href":"https:\/\/acefootball.com\/da\/wp-json\/wp\/v2\/comments?post=234134"}],"version-history":[{"count":0,"href":"https:\/\/acefootball.com\/da\/wp-json\/wp\/v2\/posts\/234134\/revisions"}],"wp:featuredmedia":[{"embeddable":true,"href":"https:\/\/acefootball.com\/da\/wp-json\/wp\/v2\/media\/234135"}],"wp:attachment":[{"href":"https:\/\/acefootball.com\/da\/wp-json\/wp\/v2\/media?parent=234134"}],"wp:term":[{"taxonomy":"category","embeddable":true,"href":"https:\/\/acefootball.com\/da\/wp-json\/wp\/v2\/categories?post=234134"},{"taxonomy":"post_tag","embeddable":true,"href":"https:\/\/acefootball.com\/da\/wp-json\/wp\/v2\/tags?post=234134"}],"curies":[{"name":"wp","href":"https:\/\/api.w.org\/{rel}","templated":true}]}}