{"id":234096,"date":"2020-08-14T10:29:24","date_gmt":"2020-08-14T08:29:24","guid":{"rendered":"https:\/\/acefootball.com\/da\/?p=234096"},"modified":"2020-08-14T10:29:25","modified_gmt":"2020-08-14T08:29:25","slug":"fredagens-transferrygter-arsenal-praesenterer-ny-offensiv-stjerne","status":"publish","type":"post","link":"https:\/\/acefootball.com\/da\/fodboldnyheder\/fredagens-transferrygter-arsenal-praesenterer-ny-offensiv-stjerne\/","title":{"rendered":"Fredagens transferrygter: Arsenal pr\u00e6senterer ny offensiv stjerne"},"content":{"rendered":"\n<h2>Arsenal kommer i weekenden til at skrive kontrakt med Willian. L\u00e6s om dette og meget mere i fredagens transferrygter<\/h2>\n\n\n\n<p>Willian st\u00e5r i \u00f8jeblikket uden klub, men s\u00e5dan kommer det nok ikke til at forholde sig ret l\u00e6nge.<\/p>\n\n\n\n<p>Han har nemlig v\u00e6ret k\u00e6det kraftigt sammen med Arsenal, og nu kan <a href=\"https:\/\/www.telegraph.co.uk\/football\/2020\/08\/13\/arsenal-due-announce-willian-signing-weekend-three-year-deal\/\" target=\"_blank\" rel=\"noreferrer noopener\">The Telegraph<\/a> afsl\u00f8re, at han vil blive pr\u00e6senteret i London-klubben denne weekend.<\/p>\n\n\n\n<p>Han f\u00e5r angiveligt en tre\u00e5rig kontrakt og en l\u00f8n p\u00e5 svimlende 1,8 millioner kroner om ugen samt en sign-on fee. S\u00e5dan skriver <a href=\"https:\/\/www.dailymail.co.uk\/sport\/football\/article-8625015\/Arsenal-pay-Willian-35m-three-years-despite-staff-cuts.html\" target=\"_blank\" rel=\"noreferrer noopener\">Daily Mail<\/a>.<\/p>\n\n\n\n<div class=\"wp-block-si-widget wp-block-si-widget--center\"><si-lb-widget widget-id=\"PlayerSeasonProfile\" width=\"440\" data-card=\"true\" data-language=\"da\" data-provider=\"mrgreen\" data-player-id=\"94086\"><\/si-lb-widget><\/div>\n\n\n\n<h3>United vil have hundedyre Chilwell<\/h3>\n\n\n\n<p>Manchester United har endnu ikke sikret sig nogle spillere denne sommer, og h\u00e5bet om Jadon Sancho ser efterh\u00e5nden ud til at v\u00e6re tabt.<\/p>\n\n\n\n<p>Dette har angiveligt f\u00e5et Ole Gunnar Solskj\u00e6r og Co. til at overveje at smide de mange penge efter en anden position p\u00e5 banen. <a href=\"https:\/\/www.mirror.co.uk\/sport\/football\/transfer-news\/chelsea-face-ben-chilwell-transfer-22515320?_ga=2.212643540.1368796559.1597328985-925208630.1496152621\" target=\"_blank\" rel=\"noreferrer noopener\">The Mirror<\/a> skriver nemlig, at The Red Devils nu vil hente Leicester Citys Ben Chilwell, der angiveligt koster 660 millioner kroner.<\/p>\n\n\n\n<div class=\"wp-block-si-widget wp-block-si-widget--center\"><si-lb-widget widget-id=\"PlayerSeasonProfileOPTA\" width=\"440\" data-card=\"true\" data-language=\"da\" data-provider=\"mrgreen\" data-player-id=\"672469\"><\/si-lb-widget><\/div>\n\n\n\n<h3>Arsenal f\u00e5r konkurrence af Juventus<\/h3>\n\n\n\n<p>Arsenal har l\u00e6nge haft sn\u00f8ren ude efter Atl\u00e9tico Madrids Thomas Partey, men indtil nu har det v\u00e6ret uden succes, og nu kan det angiveligt blive endnu sv\u00e6rere. <\/p>\n\n\n\n<p>I hvert fald skriver det italienske medie <a href=\"https:\/\/www.gazzetta.it\/Calcio\/Serie-A\/Juventus\/13-08-2020\/mercato-juve-thomas-perno-atletico-partito-solo-ghana-3801133676300.shtml\" target=\"_blank\" rel=\"noreferrer noopener\">Gazetta Dello Sport<\/a>, at de italienske mestre Juventus ogs\u00e5 er g\u00e5et ind kampen om den ghanesiske midtbanespiller, der stadig har kontrakt med Atl\u00e9tico from til 2023.<\/p>\n\n\n\n<div class=\"wp-block-si-widget wp-block-si-widget--center\"><si-lb-widget widget-id=\"PlayerSeasonStatsSnap\" data-hide-controls=\"false\" width=\"440\" data-card=\"true\" data-language=\"da\" data-provider=\"mrgreen\" data-player-id=\"434325\"><\/si-lb-widget><\/div>\n\n\n\n<h3>Pirlo vil af med Higuian og Khedira<\/h3>\n\n\n\n<p>Der er dog ogs\u00e5 spillere, der er p\u00e5 vej ud af Torino-klubben, og her skulle den nye tr\u00e6ner Andrea Pirlo have udpeget to sikre kandidater.<\/p>\n\n\n\n<p>Det er det store internationale medie <a href=\"https:\/\/www.goal.com\/en\/news\/higuain-khedira-juventus-exit-not-in-pirlo-plans\/17tmpqe2k24ew1w3ykefxsymb6\" target=\"_blank\" rel=\"noreferrer noopener\">Goal<\/a>, der skriver at b\u00e5de angriber Gonzalo Higuain og midtbanespiller Sami Khedira godt kan se sig om efter en ny klub, da de ikke er en del af Pirlos planer for den kommende s\u00e6son.<\/p>\n\n\n\n<h3>\u00d6zil er hverken til at hugge eller stikke i<\/h3>\n\n\n\n<p>Mesut \u00d6zil har under ingen omst\u00e6ndigheder t\u00e6nkt sig at forlade Arsenal inden kontraktudl\u00f8b. Dette kan du l\u00e6se mere om i artiklen herunder.<\/p>\n\n\n\n<figure class=\"wp-block-embed-wordpress wp-block-embed is-type-wp-embed is-provider-ace-football-danmark\"><div class=\"wp-block-embed__wrapper\">\n<blockquote class=\"wp-embedded-content\" data-secret=\"lUrHZ0EJuw\"><a href=\"https:\/\/acefootball.com\/da\/fodboldnyheder\/loentunge-ozil-saetter-sig-paa-tvaers-jeg-er-her-til-den-sidste-dag\/\">L\u00f8ntunge \u00d6zil s\u00e6tter sig p\u00e5 tv\u00e6rs: Jeg er her til den sidste dag<\/a><\/blockquote><iframe class=\"wp-embedded-content\" sandbox=\"allow-scripts\" security=\"restricted\" style=\"position: absolute; clip: rect(1px, 1px, 1px, 1px);\" title=\"&#8220;L\u00f8ntunge \u00d6zil s\u00e6tter sig p\u00e5 tv\u00e6rs: Jeg er her til den sidste dag&#8221; &#8212; Ace Football Danmark\" src=\"https:\/\/acefootball.com\/da\/fodboldnyheder\/loentunge-ozil-saetter-sig-paa-tvaers-jeg-er-her-til-den-sidste-dag\/embed\/#?secret=lUrHZ0EJuw\" data-secret=\"lUrHZ0EJuw\" width=\"600\" height=\"338\" frameborder=\"0\" marginwidth=\"0\" marginheight=\"0\" scrolling=\"no\"><\/iframe>\n<\/div><\/figure>\n","protected":false},"excerpt":{"rendered":"<p>Arsenal kommer i weekenden til at skrive kontrakt med Willian. L\u00e6s om dette og meget mere i fredagens transferrygter<\/p>\n","protected":false},"author":74,"featured_media":234097,"comment_status":"open","ping_status":"closed","sticky":false,"template":"","format":"standard","meta":{"om_disable_all_campaigns":false,"push_articles_ronaldo":{"active":false,"canonical":0,"publish":false},"force_updates":null},"categories":[7],"tags":[227,65,580,126,134,131,686],"enet_tags":{"team":["9825","9885","8197","10260"],"league":["47","55"],"player":["94086"],"sport_events":[]},"yoast_head":"<!-- This site is optimized with the Yoast SEO plugin v18.3 - https:\/\/yoast.com\/wordpress\/plugins\/seo\/ -->\n<title>Fredagens transferrygter: Arsenal pr\u00e6senterer ny offensiv stjerne<\/title>\n<meta name=\"description\" content=\"Arsenal kommer i weekenden til at skrive kontrakt med Willian. L\u00e6s om dette og meget mere i fredagens transferrygter\" \/>\n<meta name=\"robots\" content=\"index, follow, max-snippet:-1, max-image-preview:large, max-video-preview:-1\" \/>\n<link rel=\"canonical\" href=\"https:\/\/acefootball.com\/da\/fodboldnyheder\/fredagens-transferrygter-arsenal-praesenterer-ny-offensiv-stjerne\/\" \/>\n<meta property=\"og:locale\" content=\"en_US\" \/>\n<meta property=\"og:type\" content=\"article\" \/>\n<meta property=\"og:title\" content=\"Fredagens transferrygter: Arsenal pr\u00e6senterer ny offensiv stjerne\" \/>\n<meta property=\"og:description\" content=\"Arsenal kommer i weekenden til at skrive kontrakt med Willian. L\u00e6s om dette og meget mere i fredagens transferrygter\" \/>\n<meta property=\"og:url\" content=\"https:\/\/acefootball.com\/da\/fodboldnyheder\/fredagens-transferrygter-arsenal-praesenterer-ny-offensiv-stjerne\/\" \/>\n<meta property=\"og:site_name\" content=\"Ace Football Danmark\" \/>\n<meta property=\"article:publisher\" content=\"https:\/\/www.facebook.com\/acefootballdk\" \/>\n<meta property=\"article:published_time\" content=\"2020-08-14T08:29:24+00:00\" \/>\n<meta property=\"article:modified_time\" content=\"2020-08-14T08:29:25+00:00\" \/>\n<meta property=\"og:image\" content=\"https:\/\/acefootball.com\/da\/wp-content\/uploads\/sites\/2\/2020\/08\/GettyImages-1263186174.jpg\" \/>\n\t<meta property=\"og:image:width\" content=\"1024\" \/>\n\t<meta property=\"og:image:height\" content=\"683\" \/>\n\t<meta property=\"og:image:type\" content=\"image\/jpeg\" \/>\n<meta name=\"twitter:card\" content=\"summary_large_image\" \/>\n<meta name=\"twitter:label1\" content=\"Written by\" \/>\n\t<meta name=\"twitter:data1\" content=\"Patrick Hesselb\u00e6k\" \/>\n\t<meta name=\"twitter:label2\" content=\"Est. reading time\" \/>\n\t<meta name=\"twitter:data2\" content=\"2 minutes\" \/>\n<script type=\"application\/ld+json\" class=\"yoast-schema-graph\">{\"@context\":\"https:\/\/schema.org\",\"@graph\":[{\"@type\":\"Organization\",\"@id\":\"https:\/\/acefootball.com\/da\/#organization\",\"name\":\"Ace Football\",\"url\":\"https:\/\/acefootball.com\/da\/\",\"sameAs\":[\"https:\/\/www.facebook.com\/acefootballdk\"],\"logo\":{\"@type\":\"ImageObject\",\"@id\":\"https:\/\/acefootball.com\/da\/#logo\",\"inLanguage\":\"en-US\",\"url\":\"https:\/\/acefootball.com\/da\/wp-content\/uploads\/sites\/2\/2020\/07\/Ace-Football-30-07-2020-2.png\",\"contentUrl\":\"https:\/\/acefootball.com\/da\/wp-content\/uploads\/sites\/2\/2020\/07\/Ace-Football-30-07-2020-2.png\",\"width\":1200,\"height\":600,\"caption\":\"Ace Football\"},\"image\":{\"@id\":\"https:\/\/acefootball.com\/da\/#logo\"}},{\"@type\":\"WebSite\",\"@id\":\"https:\/\/acefootball.com\/da\/#website\",\"url\":\"https:\/\/acefootball.com\/da\/\",\"name\":\"Ace Football Danmark\",\"description\":\"Nyheder, Spiltips &amp; Livescore\",\"publisher\":{\"@id\":\"https:\/\/acefootball.com\/da\/#organization\"},\"potentialAction\":[{\"@type\":\"SearchAction\",\"target\":{\"@type\":\"EntryPoint\",\"urlTemplate\":\"https:\/\/acefootball.com\/da\/?s={search_term_string}\"},\"query-input\":\"required name=search_term_string\"}],\"inLanguage\":\"en-US\"},{\"@type\":\"ImageObject\",\"@id\":\"https:\/\/acefootball.com\/da\/fodboldnyheder\/fredagens-transferrygter-arsenal-praesenterer-ny-offensiv-stjerne\/#primaryimage\",\"inLanguage\":\"en-US\",\"url\":\"https:\/\/acefootball.com\/da\/wp-content\/uploads\/sites\/2\/2020\/08\/GettyImages-1263186174.jpg\",\"contentUrl\":\"https:\/\/acefootball.com\/da\/wp-content\/uploads\/sites\/2\/2020\/08\/GettyImages-1263186174.jpg\",\"width\":1024,\"height\":683,\"caption\":\"LONDON, ENGLAND - AUGUST 01: Mikel Arteta, Manager of Arsenal looks on after his teams victory in the Heads Up FA Cup Final match between Arsenal and Chelsea at Wembley Stadium on August 01, 2020 in London, England. Football Stadiums around Europe remain empty due to the Coronavirus Pandemic as Government social distancing laws prohibit fans inside venues resulting in all fixtures being played behind closed doors. (Photo by Adam Davy\/Pool via Getty Images)\"},{\"@type\":\"WebPage\",\"@id\":\"https:\/\/acefootball.com\/da\/fodboldnyheder\/fredagens-transferrygter-arsenal-praesenterer-ny-offensiv-stjerne\/#webpage\",\"url\":\"https:\/\/acefootball.com\/da\/fodboldnyheder\/fredagens-transferrygter-arsenal-praesenterer-ny-offensiv-stjerne\/\",\"name\":\"Fredagens transferrygter: Arsenal pr\u00e6senterer ny offensiv stjerne\",\"isPartOf\":{\"@id\":\"https:\/\/acefootball.com\/da\/#website\"},\"primaryImageOfPage\":{\"@id\":\"https:\/\/acefootball.com\/da\/fodboldnyheder\/fredagens-transferrygter-arsenal-praesenterer-ny-offensiv-stjerne\/#primaryimage\"},\"datePublished\":\"2020-08-14T08:29:24+00:00\",\"dateModified\":\"2020-08-14T08:29:25+00:00\",\"description\":\"Arsenal kommer i weekenden til at skrive kontrakt med Willian. L\u00e6s om dette og meget mere i fredagens transferrygter\",\"breadcrumb\":{\"@id\":\"https:\/\/acefootball.com\/da\/fodboldnyheder\/fredagens-transferrygter-arsenal-praesenterer-ny-offensiv-stjerne\/#breadcrumb\"},\"inLanguage\":\"en-US\",\"potentialAction\":[{\"@type\":\"ReadAction\",\"target\":[\"https:\/\/acefootball.com\/da\/fodboldnyheder\/fredagens-transferrygter-arsenal-praesenterer-ny-offensiv-stjerne\/\"]}]},{\"@type\":\"BreadcrumbList\",\"@id\":\"https:\/\/acefootball.com\/da\/fodboldnyheder\/fredagens-transferrygter-arsenal-praesenterer-ny-offensiv-stjerne\/#breadcrumb\",\"itemListElement\":[{\"@type\":\"ListItem\",\"position\":1,\"name\":\"Home\",\"item\":\"https:\/\/acefootball.com\/da\/\"},{\"@type\":\"ListItem\",\"position\":2,\"name\":\"Fredagens transferrygter: Arsenal pr\u00e6senterer ny offensiv stjerne\"}]},{\"@type\":\"Article\",\"@id\":\"https:\/\/acefootball.com\/da\/fodboldnyheder\/fredagens-transferrygter-arsenal-praesenterer-ny-offensiv-stjerne\/#article\",\"isPartOf\":{\"@id\":\"https:\/\/acefootball.com\/da\/fodboldnyheder\/fredagens-transferrygter-arsenal-praesenterer-ny-offensiv-stjerne\/#webpage\"},\"author\":{\"@id\":\"https:\/\/acefootball.com\/da\/#\/schema\/person\/fd6223a1c033400b41da7853ddf88c84\"},\"headline\":\"Fredagens transferrygter: Arsenal pr\u00e6senterer ny offensiv stjerne\",\"datePublished\":\"2020-08-14T08:29:24+00:00\",\"dateModified\":\"2020-08-14T08:29:25+00:00\",\"mainEntityOfPage\":{\"@id\":\"https:\/\/acefootball.com\/da\/fodboldnyheder\/fredagens-transferrygter-arsenal-praesenterer-ny-offensiv-stjerne\/#webpage\"},\"wordCount\":368,\"commentCount\":0,\"publisher\":{\"@id\":\"https:\/\/acefootball.com\/da\/#organization\"},\"image\":{\"@id\":\"https:\/\/acefootball.com\/da\/fodboldnyheder\/fredagens-transferrygter-arsenal-praesenterer-ny-offensiv-stjerne\/#primaryimage\"},\"thumbnailUrl\":\"https:\/\/acefootball.com\/da\/wp-content\/uploads\/sites\/2\/2020\/08\/GettyImages-1263186174.jpg\",\"keywords\":[\"Arsenal\",\"Juventus\",\"Leicester City\",\"Manchester United\",\"Premier League\",\"Serie A\",\"Willian\"],\"articleSection\":[\"Transfer\"],\"inLanguage\":\"en-US\",\"potentialAction\":[{\"@type\":\"CommentAction\",\"name\":\"Comment\",\"target\":[\"https:\/\/acefootball.com\/da\/fodboldnyheder\/fredagens-transferrygter-arsenal-praesenterer-ny-offensiv-stjerne\/#respond\"]}]},{\"@type\":\"Person\",\"@id\":\"https:\/\/acefootball.com\/da\/#\/schema\/person\/fd6223a1c033400b41da7853ddf88c84\",\"name\":\"Patrick Hesselb\u00e6k\",\"image\":{\"@type\":\"ImageObject\",\"@id\":\"https:\/\/acefootball.com\/da\/#personlogo\",\"inLanguage\":\"en-US\",\"url\":\"https:\/\/secure.gravatar.com\/avatar\/7919060992759bffbffb199d6cbdce6f?s=96&d=mm&r=g\",\"contentUrl\":\"https:\/\/secure.gravatar.com\/avatar\/7919060992759bffbffb199d6cbdce6f?s=96&d=mm&r=g\",\"caption\":\"Patrick Hesselb\u00e6k\"},\"description\":\"Redakt\u00f8r p\u00e5 den danske Ace Football-redaktion. Uddannet i kommunikation fra Aalborg Universitet. Prim\u00e6rt fokus p\u00e5 den danske 3F Superliga og de st\u00f8rste europ\u00e6iske turneringer.\",\"sameAs\":[\"https:\/\/www.linkedin.com\/in\/patrick-hesselbk-2a4b1711a\/\"],\"url\":\"https:\/\/acefootball.com\/da\/fodboldnyheder\/author\/patrickhesselbaek\/\"}]}<\/script>\n<!-- \/ Yoast SEO plugin. -->","yoast_head_json":{"title":"Fredagens transferrygter: Arsenal pr\u00e6senterer ny offensiv stjerne","description":"Arsenal kommer i weekenden til at skrive kontrakt med Willian. L\u00e6s om dette og meget mere i fredagens transferrygter","robots":{"index":"index","follow":"follow","max-snippet":"max-snippet:-1","max-image-preview":"max-image-preview:large","max-video-preview":"max-video-preview:-1"},"canonical":"https:\/\/acefootball.com\/da\/fodboldnyheder\/fredagens-transferrygter-arsenal-praesenterer-ny-offensiv-stjerne\/","og_locale":"en_US","og_type":"article","og_title":"Fredagens transferrygter: Arsenal pr\u00e6senterer ny offensiv stjerne","og_description":"Arsenal kommer i weekenden til at skrive kontrakt med Willian. L\u00e6s om dette og meget mere i fredagens transferrygter","og_url":"https:\/\/acefootball.com\/da\/fodboldnyheder\/fredagens-transferrygter-arsenal-praesenterer-ny-offensiv-stjerne\/","og_site_name":"Ace Football Danmark","article_publisher":"https:\/\/www.facebook.com\/acefootballdk","article_published_time":"2020-08-14T08:29:24+00:00","article_modified_time":"2020-08-14T08:29:25+00:00","og_image":[{"width":1024,"height":683,"url":"https:\/\/acefootball.com\/da\/wp-content\/uploads\/sites\/2\/2020\/08\/GettyImages-1263186174.jpg","type":"image\/jpeg"}],"twitter_card":"summary_large_image","twitter_misc":{"Written by":"Patrick Hesselb\u00e6k","Est. reading time":"2 minutes"},"schema":{"@context":"https:\/\/schema.org","@graph":[{"@type":"Organization","@id":"https:\/\/acefootball.com\/da\/#organization","name":"Ace Football","url":"https:\/\/acefootball.com\/da\/","sameAs":["https:\/\/www.facebook.com\/acefootballdk"],"logo":{"@type":"ImageObject","@id":"https:\/\/acefootball.com\/da\/#logo","inLanguage":"en-US","url":"https:\/\/acefootball.com\/da\/wp-content\/uploads\/sites\/2\/2020\/07\/Ace-Football-30-07-2020-2.png","contentUrl":"https:\/\/acefootball.com\/da\/wp-content\/uploads\/sites\/2\/2020\/07\/Ace-Football-30-07-2020-2.png","width":1200,"height":600,"caption":"Ace Football"},"image":{"@id":"https:\/\/acefootball.com\/da\/#logo"}},{"@type":"WebSite","@id":"https:\/\/acefootball.com\/da\/#website","url":"https:\/\/acefootball.com\/da\/","name":"Ace Football Danmark","description":"Nyheder, Spiltips &amp; Livescore","publisher":{"@id":"https:\/\/acefootball.com\/da\/#organization"},"potentialAction":[{"@type":"SearchAction","target":{"@type":"EntryPoint","urlTemplate":"https:\/\/acefootball.com\/da\/?s={search_term_string}"},"query-input":"required name=search_term_string"}],"inLanguage":"en-US"},{"@type":"ImageObject","@id":"https:\/\/acefootball.com\/da\/fodboldnyheder\/fredagens-transferrygter-arsenal-praesenterer-ny-offensiv-stjerne\/#primaryimage","inLanguage":"en-US","url":"https:\/\/acefootball.com\/da\/wp-content\/uploads\/sites\/2\/2020\/08\/GettyImages-1263186174.jpg","contentUrl":"https:\/\/acefootball.com\/da\/wp-content\/uploads\/sites\/2\/2020\/08\/GettyImages-1263186174.jpg","width":1024,"height":683,"caption":"LONDON, ENGLAND - AUGUST 01: Mikel Arteta, Manager of Arsenal looks on after his teams victory in the Heads Up FA Cup Final match between Arsenal and Chelsea at Wembley Stadium on August 01, 2020 in London, England. Football Stadiums around Europe remain empty due to the Coronavirus Pandemic as Government social distancing laws prohibit fans inside venues resulting in all fixtures being played behind closed doors. (Photo by Adam Davy\/Pool via Getty Images)"},{"@type":"WebPage","@id":"https:\/\/acefootball.com\/da\/fodboldnyheder\/fredagens-transferrygter-arsenal-praesenterer-ny-offensiv-stjerne\/#webpage","url":"https:\/\/acefootball.com\/da\/fodboldnyheder\/fredagens-transferrygter-arsenal-praesenterer-ny-offensiv-stjerne\/","name":"Fredagens transferrygter: Arsenal pr\u00e6senterer ny offensiv stjerne","isPartOf":{"@id":"https:\/\/acefootball.com\/da\/#website"},"primaryImageOfPage":{"@id":"https:\/\/acefootball.com\/da\/fodboldnyheder\/fredagens-transferrygter-arsenal-praesenterer-ny-offensiv-stjerne\/#primaryimage"},"datePublished":"2020-08-14T08:29:24+00:00","dateModified":"2020-08-14T08:29:25+00:00","description":"Arsenal kommer i weekenden til at skrive kontrakt med Willian. L\u00e6s om dette og meget mere i fredagens transferrygter","breadcrumb":{"@id":"https:\/\/acefootball.com\/da\/fodboldnyheder\/fredagens-transferrygter-arsenal-praesenterer-ny-offensiv-stjerne\/#breadcrumb"},"inLanguage":"en-US","potentialAction":[{"@type":"ReadAction","target":["https:\/\/acefootball.com\/da\/fodboldnyheder\/fredagens-transferrygter-arsenal-praesenterer-ny-offensiv-stjerne\/"]}]},{"@type":"BreadcrumbList","@id":"https:\/\/acefootball.com\/da\/fodboldnyheder\/fredagens-transferrygter-arsenal-praesenterer-ny-offensiv-stjerne\/#breadcrumb","itemListElement":[{"@type":"ListItem","position":1,"name":"Home","item":"https:\/\/acefootball.com\/da\/"},{"@type":"ListItem","position":2,"name":"Fredagens transferrygter: Arsenal pr\u00e6senterer ny offensiv stjerne"}]},{"@type":"Article","@id":"https:\/\/acefootball.com\/da\/fodboldnyheder\/fredagens-transferrygter-arsenal-praesenterer-ny-offensiv-stjerne\/#article","isPartOf":{"@id":"https:\/\/acefootball.com\/da\/fodboldnyheder\/fredagens-transferrygter-arsenal-praesenterer-ny-offensiv-stjerne\/#webpage"},"author":{"@id":"https:\/\/acefootball.com\/da\/#\/schema\/person\/fd6223a1c033400b41da7853ddf88c84"},"headline":"Fredagens transferrygter: Arsenal pr\u00e6senterer ny offensiv stjerne","datePublished":"2020-08-14T08:29:24+00:00","dateModified":"2020-08-14T08:29:25+00:00","mainEntityOfPage":{"@id":"https:\/\/acefootball.com\/da\/fodboldnyheder\/fredagens-transferrygter-arsenal-praesenterer-ny-offensiv-stjerne\/#webpage"},"wordCount":368,"commentCount":0,"publisher":{"@id":"https:\/\/acefootball.com\/da\/#organization"},"image":{"@id":"https:\/\/acefootball.com\/da\/fodboldnyheder\/fredagens-transferrygter-arsenal-praesenterer-ny-offensiv-stjerne\/#primaryimage"},"thumbnailUrl":"https:\/\/acefootball.com\/da\/wp-content\/uploads\/sites\/2\/2020\/08\/GettyImages-1263186174.jpg","keywords":["Arsenal","Juventus","Leicester City","Manchester United","Premier League","Serie A","Willian"],"articleSection":["Transfer"],"inLanguage":"en-US","potentialAction":[{"@type":"CommentAction","name":"Comment","target":["https:\/\/acefootball.com\/da\/fodboldnyheder\/fredagens-transferrygter-arsenal-praesenterer-ny-offensiv-stjerne\/#respond"]}]},{"@type":"Person","@id":"https:\/\/acefootball.com\/da\/#\/schema\/person\/fd6223a1c033400b41da7853ddf88c84","name":"Patrick Hesselb\u00e6k","image":{"@type":"ImageObject","@id":"https:\/\/acefootball.com\/da\/#personlogo","inLanguage":"en-US","url":"https:\/\/secure.gravatar.com\/avatar\/7919060992759bffbffb199d6cbdce6f?s=96&d=mm&r=g","contentUrl":"https:\/\/secure.gravatar.com\/avatar\/7919060992759bffbffb199d6cbdce6f?s=96&d=mm&r=g","caption":"Patrick Hesselb\u00e6k"},"description":"Redakt\u00f8r p\u00e5 den danske Ace Football-redaktion. Uddannet i kommunikation fra Aalborg Universitet. Prim\u00e6rt fokus p\u00e5 den danske 3F Superliga og de st\u00f8rste europ\u00e6iske turneringer.","sameAs":["https:\/\/www.linkedin.com\/in\/patrick-hesselbk-2a4b1711a\/"],"url":"https:\/\/acefootball.com\/da\/fodboldnyheder\/author\/patrickhesselbaek\/"}]}},"fimg_url":"https:\/\/acefootball.com\/da\/wp-content\/uploads\/sites\/2\/2020\/08\/GettyImages-1263186174.jpg","_links":{"self":[{"href":"https:\/\/acefootball.com\/da\/wp-json\/wp\/v2\/posts\/234096"}],"collection":[{"href":"https:\/\/acefootball.com\/da\/wp-json\/wp\/v2\/posts"}],"about":[{"href":"https:\/\/acefootball.com\/da\/wp-json\/wp\/v2\/types\/post"}],"author":[{"embeddable":true,"href":"https:\/\/acefootball.com\/da\/wp-json\/wp\/v2\/users\/74"}],"replies":[{"embeddable":true,"href":"https:\/\/acefootball.com\/da\/wp-json\/wp\/v2\/comments?post=234096"}],"version-history":[{"count":0,"href":"https:\/\/acefootball.com\/da\/wp-json\/wp\/v2\/posts\/234096\/revisions"}],"wp:featuredmedia":[{"embeddable":true,"href":"https:\/\/acefootball.com\/da\/wp-json\/wp\/v2\/media\/234097"}],"wp:attachment":[{"href":"https:\/\/acefootball.com\/da\/wp-json\/wp\/v2\/media?parent=234096"}],"wp:term":[{"taxonomy":"category","embeddable":true,"href":"https:\/\/acefootball.com\/da\/wp-json\/wp\/v2\/categories?post=234096"},{"taxonomy":"post_tag","embeddable":true,"href":"https:\/\/acefootball.com\/da\/wp-json\/wp\/v2\/tags?post=234096"}],"curies":[{"name":"wp","href":"https:\/\/api.w.org\/{rel}","templated":true}]}}