{"id":234092,"date":"2020-08-14T08:00:00","date_gmt":"2020-08-14T06:00:00","guid":{"rendered":"https:\/\/acefootball.com\/da\/?p=234092"},"modified":"2020-08-14T08:12:49","modified_gmt":"2020-08-14T06:12:49","slug":"uheldig-barcelona-spiller-omsider-klar-efter-mareridtsaeson","status":"publish","type":"post","link":"https:\/\/acefootball.com\/da\/fodboldnyheder\/uheldig-barcelona-spiller-omsider-klar-efter-mareridtsaeson\/","title":{"rendered":"Uheldig Barcelona-spiller omsider klar efter mareridts\u00e6son"},"content":{"rendered":"\n<h2>Ousmane Demb\u00e9l\u00e9 er omsider klar til kamp igen, efter Barcelona-spilleren har misset det meste af s\u00e6sonen p\u00e5 grund af skader<\/h2>\n\n\n\n<p>Det er p\u00e5 trods af den forl\u00e6ngede s\u00e6son kun blevet til ni kampe for Ousmane Demb\u00e9l\u00e9 siden sidste sommer, da tilbagevendende skader har sat en stopper for et comeback.<\/p>\n\n\n\n<p>Barcelona-spilleren blev senest ramt af en alvorlig muskelskade i l\u00e6ggen tilbage i februar, og efter en operation ville det formentlig ikke blive til mere fodbold p\u00e5 denne side af sommerferien.<\/p>\n\n\n\n<p>Nu kan Demb\u00e9l\u00e9 alligevel n\u00e5 at komme p\u00e5 banen, da den catalanske storklub melder dribleren fit for fight.<\/p>\n\n\n\n<figure class=\"wp-block-embed-twitter wp-block-embed is-type-rich is-provider-twitter\"><div class=\"wp-block-embed__wrapper\">\n<blockquote class=\"twitter-tweet\" data-width=\"550\" data-dnt=\"true\"><p lang=\"en\" dir=\"ltr\">LATEST NEWS | \ud83d\udea6<a href=\"https:\/\/twitter.com\/Dembouz?ref_src=twsrc%5Etfw\">@Dembouz<\/a> gets the green light! \ud83d\udfe2\ud83d\udca8 <a href=\"https:\/\/t.co\/YZDR1QRL0p\">pic.twitter.com\/YZDR1QRL0p<\/a><\/p>&mdash; FC Barcelona (@FCBarcelona) <a href=\"https:\/\/twitter.com\/FCBarcelona\/status\/1293992320849895428?ref_src=twsrc%5Etfw\">August 13, 2020<\/a><\/blockquote><script async src=\"https:\/\/platform.twitter.com\/widgets.js\" charset=\"utf-8\"><\/script>\n<\/div><\/figure>\n\n\n\n<p>Det bliver sandsynligvis ikke til spilletid i aftenens Champions League-kvartfinale mod Bayern M\u00fcnchen, men franskmanden kan muligvis komme i spil til en eventuel semifinale.<\/p>\n","protected":false},"excerpt":{"rendered":"<p>Ousmane Demb\u00e9l\u00e9 er omsider klar til kamp igen, efter Barcelona-spilleren har misset det meste af s\u00e6sonen p\u00e5 grund af skader<\/p>\n","protected":false},"author":705,"featured_media":234093,"comment_status":"open","ping_status":"closed","sticky":false,"template":"","format":"standard","meta":{"om_disable_all_campaigns":false,"push_articles_ronaldo":{"active":false,"canonical":0,"publish":false},"force_updates":null},"categories":[1],"tags":[41,303,608],"enet_tags":{"team":["8634"],"league":["87"],"player":["692984"],"sport_events":[]},"yoast_head":"<!-- This site is optimized with the Yoast SEO plugin v18.3 - https:\/\/yoast.com\/wordpress\/plugins\/seo\/ -->\n<title>Uheldig Barcelona-spiller omsider klar efter mareridts\u00e6son<\/title>\n<meta name=\"description\" content=\"Ousmane Demb\u00e9l\u00e9 er omsider klar til kamp igen, efter Barcelona-spilleren har misset det meste af s\u00e6sonen p\u00e5 grund af skader\" \/>\n<meta name=\"robots\" content=\"index, follow, max-snippet:-1, max-image-preview:large, max-video-preview:-1\" \/>\n<link rel=\"canonical\" href=\"https:\/\/acefootball.com\/da\/fodboldnyheder\/uheldig-barcelona-spiller-omsider-klar-efter-mareridtsaeson\/\" \/>\n<meta property=\"og:locale\" content=\"en_US\" \/>\n<meta property=\"og:type\" content=\"article\" \/>\n<meta property=\"og:title\" content=\"Uheldig Barcelona-spiller omsider klar efter mareridts\u00e6son\" \/>\n<meta property=\"og:description\" content=\"Ousmane Demb\u00e9l\u00e9 er omsider klar til kamp igen, efter Barcelona-spilleren har misset det meste af s\u00e6sonen p\u00e5 grund af skader\" \/>\n<meta property=\"og:url\" content=\"https:\/\/acefootball.com\/da\/fodboldnyheder\/uheldig-barcelona-spiller-omsider-klar-efter-mareridtsaeson\/\" \/>\n<meta property=\"og:site_name\" content=\"Ace Football Danmark\" \/>\n<meta property=\"article:publisher\" content=\"https:\/\/www.facebook.com\/acefootballdk\" \/>\n<meta property=\"article:published_time\" content=\"2020-08-14T06:00:00+00:00\" \/>\n<meta property=\"article:modified_time\" content=\"2020-08-14T06:12:49+00:00\" \/>\n<meta property=\"og:image\" content=\"https:\/\/acefootball.com\/da\/wp-content\/uploads\/sites\/2\/2020\/08\/GettyImages-1179561229.jpg\" \/>\n\t<meta property=\"og:image:width\" content=\"1024\" \/>\n\t<meta property=\"og:image:height\" content=\"682\" \/>\n\t<meta property=\"og:image:type\" content=\"image\/jpeg\" \/>\n<meta name=\"twitter:card\" content=\"summary_large_image\" \/>\n<meta name=\"twitter:label1\" content=\"Written by\" \/>\n\t<meta name=\"twitter:data1\" content=\"Mads Dreyer\" \/>\n\t<meta name=\"twitter:label2\" content=\"Est. reading time\" \/>\n\t<meta name=\"twitter:data2\" content=\"1 minute\" \/>\n<script type=\"application\/ld+json\" class=\"yoast-schema-graph\">{\"@context\":\"https:\/\/schema.org\",\"@graph\":[{\"@type\":\"Organization\",\"@id\":\"https:\/\/acefootball.com\/da\/#organization\",\"name\":\"Ace Football\",\"url\":\"https:\/\/acefootball.com\/da\/\",\"sameAs\":[\"https:\/\/www.facebook.com\/acefootballdk\"],\"logo\":{\"@type\":\"ImageObject\",\"@id\":\"https:\/\/acefootball.com\/da\/#logo\",\"inLanguage\":\"en-US\",\"url\":\"https:\/\/acefootball.com\/da\/wp-content\/uploads\/sites\/2\/2020\/07\/Ace-Football-30-07-2020-2.png\",\"contentUrl\":\"https:\/\/acefootball.com\/da\/wp-content\/uploads\/sites\/2\/2020\/07\/Ace-Football-30-07-2020-2.png\",\"width\":1200,\"height\":600,\"caption\":\"Ace Football\"},\"image\":{\"@id\":\"https:\/\/acefootball.com\/da\/#logo\"}},{\"@type\":\"WebSite\",\"@id\":\"https:\/\/acefootball.com\/da\/#website\",\"url\":\"https:\/\/acefootball.com\/da\/\",\"name\":\"Ace Football Danmark\",\"description\":\"Nyheder, Spiltips &amp; Livescore\",\"publisher\":{\"@id\":\"https:\/\/acefootball.com\/da\/#organization\"},\"potentialAction\":[{\"@type\":\"SearchAction\",\"target\":{\"@type\":\"EntryPoint\",\"urlTemplate\":\"https:\/\/acefootball.com\/da\/?s={search_term_string}\"},\"query-input\":\"required name=search_term_string\"}],\"inLanguage\":\"en-US\"},{\"@type\":\"ImageObject\",\"@id\":\"https:\/\/acefootball.com\/da\/fodboldnyheder\/uheldig-barcelona-spiller-omsider-klar-efter-mareridtsaeson\/#primaryimage\",\"inLanguage\":\"en-US\",\"url\":\"https:\/\/acefootball.com\/da\/wp-content\/uploads\/sites\/2\/2020\/08\/GettyImages-1179561229.jpg\",\"contentUrl\":\"https:\/\/acefootball.com\/da\/wp-content\/uploads\/sites\/2\/2020\/08\/GettyImages-1179561229.jpg\",\"width\":1024,\"height\":682,\"caption\":\"BARCELONA, SPAIN - OCTOBER 06: Ousmane Dembele of FC Barcelona looks on during the Liga match between FC Barcelona and Sevilla FC at Camp Nou on October 06, 2019 in Barcelona, Spain. (Photo by Aitor Alcalde\/Getty Images)\"},{\"@type\":\"WebPage\",\"@id\":\"https:\/\/acefootball.com\/da\/fodboldnyheder\/uheldig-barcelona-spiller-omsider-klar-efter-mareridtsaeson\/#webpage\",\"url\":\"https:\/\/acefootball.com\/da\/fodboldnyheder\/uheldig-barcelona-spiller-omsider-klar-efter-mareridtsaeson\/\",\"name\":\"Uheldig Barcelona-spiller omsider klar efter mareridts\u00e6son\",\"isPartOf\":{\"@id\":\"https:\/\/acefootball.com\/da\/#website\"},\"primaryImageOfPage\":{\"@id\":\"https:\/\/acefootball.com\/da\/fodboldnyheder\/uheldig-barcelona-spiller-omsider-klar-efter-mareridtsaeson\/#primaryimage\"},\"datePublished\":\"2020-08-14T06:00:00+00:00\",\"dateModified\":\"2020-08-14T06:12:49+00:00\",\"description\":\"Ousmane Demb\u00e9l\u00e9 er omsider klar til kamp igen, efter Barcelona-spilleren har misset det meste af s\u00e6sonen p\u00e5 grund af skader\",\"breadcrumb\":{\"@id\":\"https:\/\/acefootball.com\/da\/fodboldnyheder\/uheldig-barcelona-spiller-omsider-klar-efter-mareridtsaeson\/#breadcrumb\"},\"inLanguage\":\"en-US\",\"potentialAction\":[{\"@type\":\"ReadAction\",\"target\":[\"https:\/\/acefootball.com\/da\/fodboldnyheder\/uheldig-barcelona-spiller-omsider-klar-efter-mareridtsaeson\/\"]}]},{\"@type\":\"BreadcrumbList\",\"@id\":\"https:\/\/acefootball.com\/da\/fodboldnyheder\/uheldig-barcelona-spiller-omsider-klar-efter-mareridtsaeson\/#breadcrumb\",\"itemListElement\":[{\"@type\":\"ListItem\",\"position\":1,\"name\":\"Home\",\"item\":\"https:\/\/acefootball.com\/da\/\"},{\"@type\":\"ListItem\",\"position\":2,\"name\":\"Uheldig Barcelona-spiller omsider klar efter mareridts\u00e6son\"}]},{\"@type\":\"Article\",\"@id\":\"https:\/\/acefootball.com\/da\/fodboldnyheder\/uheldig-barcelona-spiller-omsider-klar-efter-mareridtsaeson\/#article\",\"isPartOf\":{\"@id\":\"https:\/\/acefootball.com\/da\/fodboldnyheder\/uheldig-barcelona-spiller-omsider-klar-efter-mareridtsaeson\/#webpage\"},\"author\":{\"@id\":\"https:\/\/acefootball.com\/da\/#\/schema\/person\/ee67e9cf04a276f144100ffa722f10cd\"},\"headline\":\"Uheldig Barcelona-spiller omsider klar efter mareridts\u00e6son\",\"datePublished\":\"2020-08-14T06:00:00+00:00\",\"dateModified\":\"2020-08-14T06:12:49+00:00\",\"mainEntityOfPage\":{\"@id\":\"https:\/\/acefootball.com\/da\/fodboldnyheder\/uheldig-barcelona-spiller-omsider-klar-efter-mareridtsaeson\/#webpage\"},\"wordCount\":141,\"commentCount\":0,\"publisher\":{\"@id\":\"https:\/\/acefootball.com\/da\/#organization\"},\"image\":{\"@id\":\"https:\/\/acefootball.com\/da\/fodboldnyheder\/uheldig-barcelona-spiller-omsider-klar-efter-mareridtsaeson\/#primaryimage\"},\"thumbnailUrl\":\"https:\/\/acefootball.com\/da\/wp-content\/uploads\/sites\/2\/2020\/08\/GettyImages-1179561229.jpg\",\"keywords\":[\"FC Barcelona\",\"La Liga\",\"Ousmane Demb\u00e9l\u00e9\"],\"articleSection\":[\"Nyhed\"],\"inLanguage\":\"en-US\",\"potentialAction\":[{\"@type\":\"CommentAction\",\"name\":\"Comment\",\"target\":[\"https:\/\/acefootball.com\/da\/fodboldnyheder\/uheldig-barcelona-spiller-omsider-klar-efter-mareridtsaeson\/#respond\"]}]},{\"@type\":\"Person\",\"@id\":\"https:\/\/acefootball.com\/da\/#\/schema\/person\/ee67e9cf04a276f144100ffa722f10cd\",\"name\":\"Mads Dreyer\",\"image\":{\"@type\":\"ImageObject\",\"@id\":\"https:\/\/acefootball.com\/da\/#personlogo\",\"inLanguage\":\"en-US\",\"url\":\"https:\/\/secure.gravatar.com\/avatar\/7c7abf72cfde9902b6a60efe60c88d4c?s=96&d=mm&r=g\",\"contentUrl\":\"https:\/\/secure.gravatar.com\/avatar\/7c7abf72cfde9902b6a60efe60c88d4c?s=96&d=mm&r=g\",\"caption\":\"Mads Dreyer\"},\"description\":\"Skribent og fodboldn\u00f8rd, der lige nu fort\u00e6ller om alt og intet i fodboldverdenen p\u00e5 acefootball.com. Uddannet i kommunikation fra Aalborg Universitet.\",\"sameAs\":[\"https:\/\/www.linkedin.com\/in\/mads-dreyer-b9b08266\/\"],\"url\":\"https:\/\/acefootball.com\/da\/fodboldnyheder\/author\/mdnronaldo\/\"}]}<\/script>\n<!-- \/ Yoast SEO plugin. -->","yoast_head_json":{"title":"Uheldig Barcelona-spiller omsider klar efter mareridts\u00e6son","description":"Ousmane Demb\u00e9l\u00e9 er omsider klar til kamp igen, efter Barcelona-spilleren har misset det meste af s\u00e6sonen p\u00e5 grund af skader","robots":{"index":"index","follow":"follow","max-snippet":"max-snippet:-1","max-image-preview":"max-image-preview:large","max-video-preview":"max-video-preview:-1"},"canonical":"https:\/\/acefootball.com\/da\/fodboldnyheder\/uheldig-barcelona-spiller-omsider-klar-efter-mareridtsaeson\/","og_locale":"en_US","og_type":"article","og_title":"Uheldig Barcelona-spiller omsider klar efter mareridts\u00e6son","og_description":"Ousmane Demb\u00e9l\u00e9 er omsider klar til kamp igen, efter Barcelona-spilleren har misset det meste af s\u00e6sonen p\u00e5 grund af skader","og_url":"https:\/\/acefootball.com\/da\/fodboldnyheder\/uheldig-barcelona-spiller-omsider-klar-efter-mareridtsaeson\/","og_site_name":"Ace Football Danmark","article_publisher":"https:\/\/www.facebook.com\/acefootballdk","article_published_time":"2020-08-14T06:00:00+00:00","article_modified_time":"2020-08-14T06:12:49+00:00","og_image":[{"width":1024,"height":682,"url":"https:\/\/acefootball.com\/da\/wp-content\/uploads\/sites\/2\/2020\/08\/GettyImages-1179561229.jpg","type":"image\/jpeg"}],"twitter_card":"summary_large_image","twitter_misc":{"Written by":"Mads Dreyer","Est. reading time":"1 minute"},"schema":{"@context":"https:\/\/schema.org","@graph":[{"@type":"Organization","@id":"https:\/\/acefootball.com\/da\/#organization","name":"Ace Football","url":"https:\/\/acefootball.com\/da\/","sameAs":["https:\/\/www.facebook.com\/acefootballdk"],"logo":{"@type":"ImageObject","@id":"https:\/\/acefootball.com\/da\/#logo","inLanguage":"en-US","url":"https:\/\/acefootball.com\/da\/wp-content\/uploads\/sites\/2\/2020\/07\/Ace-Football-30-07-2020-2.png","contentUrl":"https:\/\/acefootball.com\/da\/wp-content\/uploads\/sites\/2\/2020\/07\/Ace-Football-30-07-2020-2.png","width":1200,"height":600,"caption":"Ace Football"},"image":{"@id":"https:\/\/acefootball.com\/da\/#logo"}},{"@type":"WebSite","@id":"https:\/\/acefootball.com\/da\/#website","url":"https:\/\/acefootball.com\/da\/","name":"Ace Football Danmark","description":"Nyheder, Spiltips &amp; Livescore","publisher":{"@id":"https:\/\/acefootball.com\/da\/#organization"},"potentialAction":[{"@type":"SearchAction","target":{"@type":"EntryPoint","urlTemplate":"https:\/\/acefootball.com\/da\/?s={search_term_string}"},"query-input":"required name=search_term_string"}],"inLanguage":"en-US"},{"@type":"ImageObject","@id":"https:\/\/acefootball.com\/da\/fodboldnyheder\/uheldig-barcelona-spiller-omsider-klar-efter-mareridtsaeson\/#primaryimage","inLanguage":"en-US","url":"https:\/\/acefootball.com\/da\/wp-content\/uploads\/sites\/2\/2020\/08\/GettyImages-1179561229.jpg","contentUrl":"https:\/\/acefootball.com\/da\/wp-content\/uploads\/sites\/2\/2020\/08\/GettyImages-1179561229.jpg","width":1024,"height":682,"caption":"BARCELONA, SPAIN - OCTOBER 06: Ousmane Dembele of FC Barcelona looks on during the Liga match between FC Barcelona and Sevilla FC at Camp Nou on October 06, 2019 in Barcelona, Spain. (Photo by Aitor Alcalde\/Getty Images)"},{"@type":"WebPage","@id":"https:\/\/acefootball.com\/da\/fodboldnyheder\/uheldig-barcelona-spiller-omsider-klar-efter-mareridtsaeson\/#webpage","url":"https:\/\/acefootball.com\/da\/fodboldnyheder\/uheldig-barcelona-spiller-omsider-klar-efter-mareridtsaeson\/","name":"Uheldig Barcelona-spiller omsider klar efter mareridts\u00e6son","isPartOf":{"@id":"https:\/\/acefootball.com\/da\/#website"},"primaryImageOfPage":{"@id":"https:\/\/acefootball.com\/da\/fodboldnyheder\/uheldig-barcelona-spiller-omsider-klar-efter-mareridtsaeson\/#primaryimage"},"datePublished":"2020-08-14T06:00:00+00:00","dateModified":"2020-08-14T06:12:49+00:00","description":"Ousmane Demb\u00e9l\u00e9 er omsider klar til kamp igen, efter Barcelona-spilleren har misset det meste af s\u00e6sonen p\u00e5 grund af skader","breadcrumb":{"@id":"https:\/\/acefootball.com\/da\/fodboldnyheder\/uheldig-barcelona-spiller-omsider-klar-efter-mareridtsaeson\/#breadcrumb"},"inLanguage":"en-US","potentialAction":[{"@type":"ReadAction","target":["https:\/\/acefootball.com\/da\/fodboldnyheder\/uheldig-barcelona-spiller-omsider-klar-efter-mareridtsaeson\/"]}]},{"@type":"BreadcrumbList","@id":"https:\/\/acefootball.com\/da\/fodboldnyheder\/uheldig-barcelona-spiller-omsider-klar-efter-mareridtsaeson\/#breadcrumb","itemListElement":[{"@type":"ListItem","position":1,"name":"Home","item":"https:\/\/acefootball.com\/da\/"},{"@type":"ListItem","position":2,"name":"Uheldig Barcelona-spiller omsider klar efter mareridts\u00e6son"}]},{"@type":"Article","@id":"https:\/\/acefootball.com\/da\/fodboldnyheder\/uheldig-barcelona-spiller-omsider-klar-efter-mareridtsaeson\/#article","isPartOf":{"@id":"https:\/\/acefootball.com\/da\/fodboldnyheder\/uheldig-barcelona-spiller-omsider-klar-efter-mareridtsaeson\/#webpage"},"author":{"@id":"https:\/\/acefootball.com\/da\/#\/schema\/person\/ee67e9cf04a276f144100ffa722f10cd"},"headline":"Uheldig Barcelona-spiller omsider klar efter mareridts\u00e6son","datePublished":"2020-08-14T06:00:00+00:00","dateModified":"2020-08-14T06:12:49+00:00","mainEntityOfPage":{"@id":"https:\/\/acefootball.com\/da\/fodboldnyheder\/uheldig-barcelona-spiller-omsider-klar-efter-mareridtsaeson\/#webpage"},"wordCount":141,"commentCount":0,"publisher":{"@id":"https:\/\/acefootball.com\/da\/#organization"},"image":{"@id":"https:\/\/acefootball.com\/da\/fodboldnyheder\/uheldig-barcelona-spiller-omsider-klar-efter-mareridtsaeson\/#primaryimage"},"thumbnailUrl":"https:\/\/acefootball.com\/da\/wp-content\/uploads\/sites\/2\/2020\/08\/GettyImages-1179561229.jpg","keywords":["FC Barcelona","La Liga","Ousmane Demb\u00e9l\u00e9"],"articleSection":["Nyhed"],"inLanguage":"en-US","potentialAction":[{"@type":"CommentAction","name":"Comment","target":["https:\/\/acefootball.com\/da\/fodboldnyheder\/uheldig-barcelona-spiller-omsider-klar-efter-mareridtsaeson\/#respond"]}]},{"@type":"Person","@id":"https:\/\/acefootball.com\/da\/#\/schema\/person\/ee67e9cf04a276f144100ffa722f10cd","name":"Mads Dreyer","image":{"@type":"ImageObject","@id":"https:\/\/acefootball.com\/da\/#personlogo","inLanguage":"en-US","url":"https:\/\/secure.gravatar.com\/avatar\/7c7abf72cfde9902b6a60efe60c88d4c?s=96&d=mm&r=g","contentUrl":"https:\/\/secure.gravatar.com\/avatar\/7c7abf72cfde9902b6a60efe60c88d4c?s=96&d=mm&r=g","caption":"Mads Dreyer"},"description":"Skribent og fodboldn\u00f8rd, der lige nu fort\u00e6ller om alt og intet i fodboldverdenen p\u00e5 acefootball.com. Uddannet i kommunikation fra Aalborg Universitet.","sameAs":["https:\/\/www.linkedin.com\/in\/mads-dreyer-b9b08266\/"],"url":"https:\/\/acefootball.com\/da\/fodboldnyheder\/author\/mdnronaldo\/"}]}},"fimg_url":"https:\/\/acefootball.com\/da\/wp-content\/uploads\/sites\/2\/2020\/08\/GettyImages-1179561229.jpg","_links":{"self":[{"href":"https:\/\/acefootball.com\/da\/wp-json\/wp\/v2\/posts\/234092"}],"collection":[{"href":"https:\/\/acefootball.com\/da\/wp-json\/wp\/v2\/posts"}],"about":[{"href":"https:\/\/acefootball.com\/da\/wp-json\/wp\/v2\/types\/post"}],"author":[{"embeddable":true,"href":"https:\/\/acefootball.com\/da\/wp-json\/wp\/v2\/users\/705"}],"replies":[{"embeddable":true,"href":"https:\/\/acefootball.com\/da\/wp-json\/wp\/v2\/comments?post=234092"}],"version-history":[{"count":0,"href":"https:\/\/acefootball.com\/da\/wp-json\/wp\/v2\/posts\/234092\/revisions"}],"wp:featuredmedia":[{"embeddable":true,"href":"https:\/\/acefootball.com\/da\/wp-json\/wp\/v2\/media\/234093"}],"wp:attachment":[{"href":"https:\/\/acefootball.com\/da\/wp-json\/wp\/v2\/media?parent=234092"}],"wp:term":[{"taxonomy":"category","embeddable":true,"href":"https:\/\/acefootball.com\/da\/wp-json\/wp\/v2\/categories?post=234092"},{"taxonomy":"post_tag","embeddable":true,"href":"https:\/\/acefootball.com\/da\/wp-json\/wp\/v2\/tags?post=234092"}],"curies":[{"name":"wp","href":"https:\/\/api.w.org\/{rel}","templated":true}]}}