{"id":234077,"date":"2020-08-13T20:15:24","date_gmt":"2020-08-13T18:15:24","guid":{"rendered":"https:\/\/acefootball.com\/da\/?p=234077"},"modified":"2020-08-13T20:15:25","modified_gmt":"2020-08-13T18:15:25","slug":"startopstillinger-yussuf-poulsen-faar-bindet-i-cl-brag","status":"publish","type":"post","link":"https:\/\/acefootball.com\/da\/fodboldnyheder\/startopstillinger-yussuf-poulsen-faar-bindet-i-cl-brag\/","title":{"rendered":"Startopstillinger: Yussuf Poulsen f\u00e5r bindet i CL-brag"},"content":{"rendered":"\n<h2>Yussuf Poulsen starter inde som anf\u00f8rer for RB Leipzig, n\u00e5r de m\u00f8der Atl\u00e9tico Madrid i Champions League-kvartfinalen<\/h2>\n\n\n\n<div class=\"wp-block-si-widget wp-block-si-widget--center\"><si-lb-widget widget-id=\"MatchInfoWithOdds\" data-nopadding=\"true\" data-card=\"true\" width=\"440\" data-language=\"da\" data-provider=\"mrgreen\" data-event-id=\"3363665\"><\/si-lb-widget><\/div>\n\n\n\n<p>Aftenens kvartfinale i Champions League st\u00e5r mellem RB Leipzig og Atl\u00e9tico Madrid, og det bliver med dansk deltagelse fra start.<\/p>\n\n\n\n<p>Yussuf Poulsen har f\u00e5et pladsen helt i front, efter Timo Werner har forladt klubben til fordel for Chelsea, og danskeren har endda f\u00e5et anf\u00f8rerbindet.<\/p>\n\n\n\n<p>Du kan se, hvordan begge mandskaber starter op herunder.<\/p>\n\n\n\n<figure class=\"wp-block-embed-twitter wp-block-embed is-type-rich is-provider-twitter\"><div class=\"wp-block-embed__wrapper\">\n<blockquote class=\"twitter-tweet\" data-width=\"550\" data-dnt=\"true\"><p lang=\"de\" dir=\"ltr\">\ud83d\uddd2\ufe0f TEAM NEWS: How Leipzig start tonight&#8230;<a href=\"https:\/\/twitter.com\/hashtag\/UCL?src=hash&amp;ref_src=twsrc%5Etfw\">#UCL<\/a><\/p>&mdash; UEFA Champions League (@ChampionsLeague) <a href=\"https:\/\/twitter.com\/ChampionsLeague\/status\/1293970118196826113?ref_src=twsrc%5Etfw\">August 13, 2020<\/a><\/blockquote><script async src=\"https:\/\/platform.twitter.com\/widgets.js\" charset=\"utf-8\"><\/script>\n<\/div><\/figure>\n\n\n\n<figure class=\"wp-block-embed-twitter wp-block-embed is-type-rich is-provider-twitter\"><div class=\"wp-block-embed__wrapper\">\n<blockquote class=\"twitter-tweet\" data-width=\"550\" data-dnt=\"true\"><p lang=\"es\" dir=\"ltr\">\ud83d\uddd2\ufe0f TEAM NEWS: The Atl\u00e9tico side Diego Simeone has selected&#8230;<a href=\"https:\/\/twitter.com\/hashtag\/UCL?src=hash&amp;ref_src=twsrc%5Etfw\">#UCL<\/a><\/p>&mdash; UEFA Champions League (@ChampionsLeague) <a href=\"https:\/\/twitter.com\/ChampionsLeague\/status\/1293970503812751362?ref_src=twsrc%5Etfw\">August 13, 2020<\/a><\/blockquote><script async src=\"https:\/\/platform.twitter.com\/widgets.js\" charset=\"utf-8\"><\/script>\n<\/div><\/figure>\n\n\n\n<div class=\"wp-block-si-widget wp-block-si-widget--center\"><si-lb-widget widget-id=\"OddsComparison\" data-providers=\"comeon,betfair,mrgreen\" data-event-id=\"3363665\" width=\"440\" data-card=\"true\" data-language=\"da\" data-provider=\"mrgreen\"><\/si-lb-widget><\/div>\n","protected":false},"excerpt":{"rendered":"<p>Yussuf Poulsen starter inde som anf\u00f8rer for RB Leipzig, n\u00e5r de m\u00f8der Atl\u00e9tico Madrid i Champions League-kvartfinalen<\/p>\n","protected":false},"author":705,"featured_media":234078,"comment_status":"open","ping_status":"closed","sticky":false,"template":"","format":"standard","meta":{"om_disable_all_campaigns":false,"push_articles_ronaldo":{"active":false,"canonical":0,"publish":false},"force_updates":null},"categories":[8062],"tags":[75,206,351,911],"enet_tags":{"team":["9906","178475"],"league":["42"],"player":["266527"],"sport_events":[3363665]},"yoast_head":"<!-- This site is optimized with the Yoast SEO plugin v18.3 - https:\/\/yoast.com\/wordpress\/plugins\/seo\/ -->\n<title>Startopstillinger: Yussuf Poulsen f\u00e5r bindet i CL-brag<\/title>\n<meta name=\"description\" content=\"Yussuf Poulsen starter inde som anf\u00f8rer for RB Leipzig, n\u00e5r de m\u00f8der Atl\u00e9tico Madrid i Champions League-kvartfinalen\" \/>\n<meta name=\"robots\" content=\"index, follow, max-snippet:-1, max-image-preview:large, max-video-preview:-1\" \/>\n<link rel=\"canonical\" href=\"https:\/\/acefootball.com\/da\/fodboldnyheder\/startopstillinger-yussuf-poulsen-faar-bindet-i-cl-brag\/\" \/>\n<meta property=\"og:locale\" content=\"en_US\" \/>\n<meta property=\"og:type\" content=\"article\" \/>\n<meta property=\"og:title\" content=\"Startopstillinger: Yussuf Poulsen f\u00e5r bindet i CL-brag\" \/>\n<meta property=\"og:description\" content=\"Yussuf Poulsen starter inde som anf\u00f8rer for RB Leipzig, n\u00e5r de m\u00f8der Atl\u00e9tico Madrid i Champions League-kvartfinalen\" \/>\n<meta property=\"og:url\" content=\"https:\/\/acefootball.com\/da\/fodboldnyheder\/startopstillinger-yussuf-poulsen-faar-bindet-i-cl-brag\/\" \/>\n<meta property=\"og:site_name\" content=\"Ace Football Danmark\" \/>\n<meta property=\"article:publisher\" content=\"https:\/\/www.facebook.com\/acefootballdk\" \/>\n<meta property=\"article:published_time\" content=\"2020-08-13T18:15:24+00:00\" \/>\n<meta property=\"article:modified_time\" content=\"2020-08-13T18:15:25+00:00\" \/>\n<meta property=\"og:image\" content=\"https:\/\/acefootball.com\/da\/wp-content\/uploads\/sites\/2\/2020\/08\/GettyImages-1213177505.jpg\" \/>\n\t<meta property=\"og:image:width\" content=\"1024\" \/>\n\t<meta property=\"og:image:height\" content=\"705\" \/>\n\t<meta property=\"og:image:type\" content=\"image\/jpeg\" \/>\n<meta name=\"twitter:card\" content=\"summary_large_image\" \/>\n<meta name=\"twitter:label1\" content=\"Written by\" \/>\n\t<meta name=\"twitter:data1\" content=\"Mads Dreyer\" \/>\n<script type=\"application\/ld+json\" class=\"yoast-schema-graph\">{\"@context\":\"https:\/\/schema.org\",\"@graph\":[{\"@type\":\"Organization\",\"@id\":\"https:\/\/acefootball.com\/da\/#organization\",\"name\":\"Ace Football\",\"url\":\"https:\/\/acefootball.com\/da\/\",\"sameAs\":[\"https:\/\/www.facebook.com\/acefootballdk\"],\"logo\":{\"@type\":\"ImageObject\",\"@id\":\"https:\/\/acefootball.com\/da\/#logo\",\"inLanguage\":\"en-US\",\"url\":\"https:\/\/acefootball.com\/da\/wp-content\/uploads\/sites\/2\/2020\/07\/Ace-Football-30-07-2020-2.png\",\"contentUrl\":\"https:\/\/acefootball.com\/da\/wp-content\/uploads\/sites\/2\/2020\/07\/Ace-Football-30-07-2020-2.png\",\"width\":1200,\"height\":600,\"caption\":\"Ace Football\"},\"image\":{\"@id\":\"https:\/\/acefootball.com\/da\/#logo\"}},{\"@type\":\"WebSite\",\"@id\":\"https:\/\/acefootball.com\/da\/#website\",\"url\":\"https:\/\/acefootball.com\/da\/\",\"name\":\"Ace Football Danmark\",\"description\":\"Nyheder, Spiltips &amp; Livescore\",\"publisher\":{\"@id\":\"https:\/\/acefootball.com\/da\/#organization\"},\"potentialAction\":[{\"@type\":\"SearchAction\",\"target\":{\"@type\":\"EntryPoint\",\"urlTemplate\":\"https:\/\/acefootball.com\/da\/?s={search_term_string}\"},\"query-input\":\"required name=search_term_string\"}],\"inLanguage\":\"en-US\"},{\"@type\":\"ImageObject\",\"@id\":\"https:\/\/acefootball.com\/da\/fodboldnyheder\/startopstillinger-yussuf-poulsen-faar-bindet-i-cl-brag\/#primaryimage\",\"inLanguage\":\"en-US\",\"url\":\"https:\/\/acefootball.com\/da\/wp-content\/uploads\/sites\/2\/2020\/08\/GettyImages-1213177505.jpg\",\"contentUrl\":\"https:\/\/acefootball.com\/da\/wp-content\/uploads\/sites\/2\/2020\/08\/GettyImages-1213177505.jpg\",\"width\":1024,\"height\":705,\"caption\":\"LEIPZIG, GERMANY - MAY 16: Yussuf Poulsen of RB Leipzig reacts during the Bundesliga match between RB Leipzig and Sport-Club Freiburg at Red Bull Arena on May 16, 2020 in Leipzig, Germany. The Bundesliga and Second Bundesliga is the first professional league to resume the season after the nationwide lockdown due to the ongoing Coronavirus (COVID-19) pandemic. All matches until the end of the season will be played behind closed doors. (Photo by Jan Woitas\/Pool via Getty Images)\"},{\"@type\":\"WebPage\",\"@id\":\"https:\/\/acefootball.com\/da\/fodboldnyheder\/startopstillinger-yussuf-poulsen-faar-bindet-i-cl-brag\/#webpage\",\"url\":\"https:\/\/acefootball.com\/da\/fodboldnyheder\/startopstillinger-yussuf-poulsen-faar-bindet-i-cl-brag\/\",\"name\":\"Startopstillinger: Yussuf Poulsen f\u00e5r bindet i CL-brag\",\"isPartOf\":{\"@id\":\"https:\/\/acefootball.com\/da\/#website\"},\"primaryImageOfPage\":{\"@id\":\"https:\/\/acefootball.com\/da\/fodboldnyheder\/startopstillinger-yussuf-poulsen-faar-bindet-i-cl-brag\/#primaryimage\"},\"datePublished\":\"2020-08-13T18:15:24+00:00\",\"dateModified\":\"2020-08-13T18:15:25+00:00\",\"description\":\"Yussuf Poulsen starter inde som anf\u00f8rer for RB Leipzig, n\u00e5r de m\u00f8der Atl\u00e9tico Madrid i Champions League-kvartfinalen\",\"breadcrumb\":{\"@id\":\"https:\/\/acefootball.com\/da\/fodboldnyheder\/startopstillinger-yussuf-poulsen-faar-bindet-i-cl-brag\/#breadcrumb\"},\"inLanguage\":\"en-US\",\"potentialAction\":[{\"@type\":\"ReadAction\",\"target\":[\"https:\/\/acefootball.com\/da\/fodboldnyheder\/startopstillinger-yussuf-poulsen-faar-bindet-i-cl-brag\/\"]}]},{\"@type\":\"BreadcrumbList\",\"@id\":\"https:\/\/acefootball.com\/da\/fodboldnyheder\/startopstillinger-yussuf-poulsen-faar-bindet-i-cl-brag\/#breadcrumb\",\"itemListElement\":[{\"@type\":\"ListItem\",\"position\":1,\"name\":\"Home\",\"item\":\"https:\/\/acefootball.com\/da\/\"},{\"@type\":\"ListItem\",\"position\":2,\"name\":\"Startopstillinger: Yussuf Poulsen f\u00e5r bindet i CL-brag\"}]},{\"@type\":\"Article\",\"@id\":\"https:\/\/acefootball.com\/da\/fodboldnyheder\/startopstillinger-yussuf-poulsen-faar-bindet-i-cl-brag\/#article\",\"isPartOf\":{\"@id\":\"https:\/\/acefootball.com\/da\/fodboldnyheder\/startopstillinger-yussuf-poulsen-faar-bindet-i-cl-brag\/#webpage\"},\"author\":{\"@id\":\"https:\/\/acefootball.com\/da\/#\/schema\/person\/ee67e9cf04a276f144100ffa722f10cd\"},\"headline\":\"Startopstillinger: Yussuf Poulsen f\u00e5r bindet i CL-brag\",\"datePublished\":\"2020-08-13T18:15:24+00:00\",\"dateModified\":\"2020-08-13T18:15:25+00:00\",\"mainEntityOfPage\":{\"@id\":\"https:\/\/acefootball.com\/da\/fodboldnyheder\/startopstillinger-yussuf-poulsen-faar-bindet-i-cl-brag\/#webpage\"},\"wordCount\":97,\"commentCount\":0,\"publisher\":{\"@id\":\"https:\/\/acefootball.com\/da\/#organization\"},\"image\":{\"@id\":\"https:\/\/acefootball.com\/da\/fodboldnyheder\/startopstillinger-yussuf-poulsen-faar-bindet-i-cl-brag\/#primaryimage\"},\"thumbnailUrl\":\"https:\/\/acefootball.com\/da\/wp-content\/uploads\/sites\/2\/2020\/08\/GettyImages-1213177505.jpg\",\"keywords\":[\"Atletico Madrid\",\"Champions League\",\"RB Leipzig\",\"Yussuf Poulsen\"],\"articleSection\":[\"Kamp\"],\"inLanguage\":\"en-US\",\"potentialAction\":[{\"@type\":\"CommentAction\",\"name\":\"Comment\",\"target\":[\"https:\/\/acefootball.com\/da\/fodboldnyheder\/startopstillinger-yussuf-poulsen-faar-bindet-i-cl-brag\/#respond\"]}]},{\"@type\":\"Person\",\"@id\":\"https:\/\/acefootball.com\/da\/#\/schema\/person\/ee67e9cf04a276f144100ffa722f10cd\",\"name\":\"Mads Dreyer\",\"image\":{\"@type\":\"ImageObject\",\"@id\":\"https:\/\/acefootball.com\/da\/#personlogo\",\"inLanguage\":\"en-US\",\"url\":\"https:\/\/secure.gravatar.com\/avatar\/7c7abf72cfde9902b6a60efe60c88d4c?s=96&d=mm&r=g\",\"contentUrl\":\"https:\/\/secure.gravatar.com\/avatar\/7c7abf72cfde9902b6a60efe60c88d4c?s=96&d=mm&r=g\",\"caption\":\"Mads Dreyer\"},\"description\":\"Skribent og fodboldn\u00f8rd, der lige nu fort\u00e6ller om alt og intet i fodboldverdenen p\u00e5 acefootball.com. Uddannet i kommunikation fra Aalborg Universitet.\",\"sameAs\":[\"https:\/\/www.linkedin.com\/in\/mads-dreyer-b9b08266\/\"],\"url\":\"https:\/\/acefootball.com\/da\/fodboldnyheder\/author\/mdnronaldo\/\"}]}<\/script>\n<!-- \/ Yoast SEO plugin. -->","yoast_head_json":{"title":"Startopstillinger: Yussuf Poulsen f\u00e5r bindet i CL-brag","description":"Yussuf Poulsen starter inde som anf\u00f8rer for RB Leipzig, n\u00e5r de m\u00f8der Atl\u00e9tico Madrid i Champions League-kvartfinalen","robots":{"index":"index","follow":"follow","max-snippet":"max-snippet:-1","max-image-preview":"max-image-preview:large","max-video-preview":"max-video-preview:-1"},"canonical":"https:\/\/acefootball.com\/da\/fodboldnyheder\/startopstillinger-yussuf-poulsen-faar-bindet-i-cl-brag\/","og_locale":"en_US","og_type":"article","og_title":"Startopstillinger: Yussuf Poulsen f\u00e5r bindet i CL-brag","og_description":"Yussuf Poulsen starter inde som anf\u00f8rer for RB Leipzig, n\u00e5r de m\u00f8der Atl\u00e9tico Madrid i Champions League-kvartfinalen","og_url":"https:\/\/acefootball.com\/da\/fodboldnyheder\/startopstillinger-yussuf-poulsen-faar-bindet-i-cl-brag\/","og_site_name":"Ace Football Danmark","article_publisher":"https:\/\/www.facebook.com\/acefootballdk","article_published_time":"2020-08-13T18:15:24+00:00","article_modified_time":"2020-08-13T18:15:25+00:00","og_image":[{"width":1024,"height":705,"url":"https:\/\/acefootball.com\/da\/wp-content\/uploads\/sites\/2\/2020\/08\/GettyImages-1213177505.jpg","type":"image\/jpeg"}],"twitter_card":"summary_large_image","twitter_misc":{"Written by":"Mads Dreyer"},"schema":{"@context":"https:\/\/schema.org","@graph":[{"@type":"Organization","@id":"https:\/\/acefootball.com\/da\/#organization","name":"Ace Football","url":"https:\/\/acefootball.com\/da\/","sameAs":["https:\/\/www.facebook.com\/acefootballdk"],"logo":{"@type":"ImageObject","@id":"https:\/\/acefootball.com\/da\/#logo","inLanguage":"en-US","url":"https:\/\/acefootball.com\/da\/wp-content\/uploads\/sites\/2\/2020\/07\/Ace-Football-30-07-2020-2.png","contentUrl":"https:\/\/acefootball.com\/da\/wp-content\/uploads\/sites\/2\/2020\/07\/Ace-Football-30-07-2020-2.png","width":1200,"height":600,"caption":"Ace Football"},"image":{"@id":"https:\/\/acefootball.com\/da\/#logo"}},{"@type":"WebSite","@id":"https:\/\/acefootball.com\/da\/#website","url":"https:\/\/acefootball.com\/da\/","name":"Ace Football Danmark","description":"Nyheder, Spiltips &amp; Livescore","publisher":{"@id":"https:\/\/acefootball.com\/da\/#organization"},"potentialAction":[{"@type":"SearchAction","target":{"@type":"EntryPoint","urlTemplate":"https:\/\/acefootball.com\/da\/?s={search_term_string}"},"query-input":"required name=search_term_string"}],"inLanguage":"en-US"},{"@type":"ImageObject","@id":"https:\/\/acefootball.com\/da\/fodboldnyheder\/startopstillinger-yussuf-poulsen-faar-bindet-i-cl-brag\/#primaryimage","inLanguage":"en-US","url":"https:\/\/acefootball.com\/da\/wp-content\/uploads\/sites\/2\/2020\/08\/GettyImages-1213177505.jpg","contentUrl":"https:\/\/acefootball.com\/da\/wp-content\/uploads\/sites\/2\/2020\/08\/GettyImages-1213177505.jpg","width":1024,"height":705,"caption":"LEIPZIG, GERMANY - MAY 16: Yussuf Poulsen of RB Leipzig reacts during the Bundesliga match between RB Leipzig and Sport-Club Freiburg at Red Bull Arena on May 16, 2020 in Leipzig, Germany. The Bundesliga and Second Bundesliga is the first professional league to resume the season after the nationwide lockdown due to the ongoing Coronavirus (COVID-19) pandemic. All matches until the end of the season will be played behind closed doors. (Photo by Jan Woitas\/Pool via Getty Images)"},{"@type":"WebPage","@id":"https:\/\/acefootball.com\/da\/fodboldnyheder\/startopstillinger-yussuf-poulsen-faar-bindet-i-cl-brag\/#webpage","url":"https:\/\/acefootball.com\/da\/fodboldnyheder\/startopstillinger-yussuf-poulsen-faar-bindet-i-cl-brag\/","name":"Startopstillinger: Yussuf Poulsen f\u00e5r bindet i CL-brag","isPartOf":{"@id":"https:\/\/acefootball.com\/da\/#website"},"primaryImageOfPage":{"@id":"https:\/\/acefootball.com\/da\/fodboldnyheder\/startopstillinger-yussuf-poulsen-faar-bindet-i-cl-brag\/#primaryimage"},"datePublished":"2020-08-13T18:15:24+00:00","dateModified":"2020-08-13T18:15:25+00:00","description":"Yussuf Poulsen starter inde som anf\u00f8rer for RB Leipzig, n\u00e5r de m\u00f8der Atl\u00e9tico Madrid i Champions League-kvartfinalen","breadcrumb":{"@id":"https:\/\/acefootball.com\/da\/fodboldnyheder\/startopstillinger-yussuf-poulsen-faar-bindet-i-cl-brag\/#breadcrumb"},"inLanguage":"en-US","potentialAction":[{"@type":"ReadAction","target":["https:\/\/acefootball.com\/da\/fodboldnyheder\/startopstillinger-yussuf-poulsen-faar-bindet-i-cl-brag\/"]}]},{"@type":"BreadcrumbList","@id":"https:\/\/acefootball.com\/da\/fodboldnyheder\/startopstillinger-yussuf-poulsen-faar-bindet-i-cl-brag\/#breadcrumb","itemListElement":[{"@type":"ListItem","position":1,"name":"Home","item":"https:\/\/acefootball.com\/da\/"},{"@type":"ListItem","position":2,"name":"Startopstillinger: Yussuf Poulsen f\u00e5r bindet i CL-brag"}]},{"@type":"Article","@id":"https:\/\/acefootball.com\/da\/fodboldnyheder\/startopstillinger-yussuf-poulsen-faar-bindet-i-cl-brag\/#article","isPartOf":{"@id":"https:\/\/acefootball.com\/da\/fodboldnyheder\/startopstillinger-yussuf-poulsen-faar-bindet-i-cl-brag\/#webpage"},"author":{"@id":"https:\/\/acefootball.com\/da\/#\/schema\/person\/ee67e9cf04a276f144100ffa722f10cd"},"headline":"Startopstillinger: Yussuf Poulsen f\u00e5r bindet i CL-brag","datePublished":"2020-08-13T18:15:24+00:00","dateModified":"2020-08-13T18:15:25+00:00","mainEntityOfPage":{"@id":"https:\/\/acefootball.com\/da\/fodboldnyheder\/startopstillinger-yussuf-poulsen-faar-bindet-i-cl-brag\/#webpage"},"wordCount":97,"commentCount":0,"publisher":{"@id":"https:\/\/acefootball.com\/da\/#organization"},"image":{"@id":"https:\/\/acefootball.com\/da\/fodboldnyheder\/startopstillinger-yussuf-poulsen-faar-bindet-i-cl-brag\/#primaryimage"},"thumbnailUrl":"https:\/\/acefootball.com\/da\/wp-content\/uploads\/sites\/2\/2020\/08\/GettyImages-1213177505.jpg","keywords":["Atletico Madrid","Champions League","RB Leipzig","Yussuf Poulsen"],"articleSection":["Kamp"],"inLanguage":"en-US","potentialAction":[{"@type":"CommentAction","name":"Comment","target":["https:\/\/acefootball.com\/da\/fodboldnyheder\/startopstillinger-yussuf-poulsen-faar-bindet-i-cl-brag\/#respond"]}]},{"@type":"Person","@id":"https:\/\/acefootball.com\/da\/#\/schema\/person\/ee67e9cf04a276f144100ffa722f10cd","name":"Mads Dreyer","image":{"@type":"ImageObject","@id":"https:\/\/acefootball.com\/da\/#personlogo","inLanguage":"en-US","url":"https:\/\/secure.gravatar.com\/avatar\/7c7abf72cfde9902b6a60efe60c88d4c?s=96&d=mm&r=g","contentUrl":"https:\/\/secure.gravatar.com\/avatar\/7c7abf72cfde9902b6a60efe60c88d4c?s=96&d=mm&r=g","caption":"Mads Dreyer"},"description":"Skribent og fodboldn\u00f8rd, der lige nu fort\u00e6ller om alt og intet i fodboldverdenen p\u00e5 acefootball.com. Uddannet i kommunikation fra Aalborg Universitet.","sameAs":["https:\/\/www.linkedin.com\/in\/mads-dreyer-b9b08266\/"],"url":"https:\/\/acefootball.com\/da\/fodboldnyheder\/author\/mdnronaldo\/"}]}},"fimg_url":"https:\/\/acefootball.com\/da\/wp-content\/uploads\/sites\/2\/2020\/08\/GettyImages-1213177505.jpg","_links":{"self":[{"href":"https:\/\/acefootball.com\/da\/wp-json\/wp\/v2\/posts\/234077"}],"collection":[{"href":"https:\/\/acefootball.com\/da\/wp-json\/wp\/v2\/posts"}],"about":[{"href":"https:\/\/acefootball.com\/da\/wp-json\/wp\/v2\/types\/post"}],"author":[{"embeddable":true,"href":"https:\/\/acefootball.com\/da\/wp-json\/wp\/v2\/users\/705"}],"replies":[{"embeddable":true,"href":"https:\/\/acefootball.com\/da\/wp-json\/wp\/v2\/comments?post=234077"}],"version-history":[{"count":0,"href":"https:\/\/acefootball.com\/da\/wp-json\/wp\/v2\/posts\/234077\/revisions"}],"wp:featuredmedia":[{"embeddable":true,"href":"https:\/\/acefootball.com\/da\/wp-json\/wp\/v2\/media\/234078"}],"wp:attachment":[{"href":"https:\/\/acefootball.com\/da\/wp-json\/wp\/v2\/media?parent=234077"}],"wp:term":[{"taxonomy":"category","embeddable":true,"href":"https:\/\/acefootball.com\/da\/wp-json\/wp\/v2\/categories?post=234077"},{"taxonomy":"post_tag","embeddable":true,"href":"https:\/\/acefootball.com\/da\/wp-json\/wp\/v2\/tags?post=234077"}],"curies":[{"name":"wp","href":"https:\/\/api.w.org\/{rel}","templated":true}]}}