{"id":234075,"date":"2020-08-13T20:06:18","date_gmt":"2020-08-13T18:06:18","guid":{"rendered":"https:\/\/acefootball.com\/da\/?p=234075"},"modified":"2020-08-13T20:06:19","modified_gmt":"2020-08-13T18:06:19","slug":"ronaldo-lejr-afviser-alle-rygter-om-juventus-exit","status":"publish","type":"post","link":"https:\/\/acefootball.com\/da\/fodboldnyheder\/ronaldo-lejr-afviser-alle-rygter-om-juventus-exit\/","title":{"rendered":"Ronaldo-lejr afviser alle rygter om Juventus-exit"},"content":{"rendered":"\n<h2>Cristiano Ronaldo er blevet rygtet p\u00e5 vej v\u00e6k fra Juventus, men disse historier har intet p\u00e5 sig, forsikrer portugiserens folk<\/h2>\n\n\n\n<p>Journalisten Guillem Balagu\u00e9 har ofte meget interessante transferhistorier klar, og nu har han v\u00e6ret p\u00e5 spil igen.<\/p>\n\n\n\n<p>Denne gang skulle Cristiano Ronaldo s\u00f8ge en vej v\u00e6k fra Juventus, og derfor er portugiseren efter sigende g\u00e5et p\u00e5 klubjagt &#8211; blandt andet ogs\u00e5 i FC Barcelona.<\/p>\n\n\n\n<figure class=\"wp-block-embed-wordpress wp-block-embed is-type-wp-embed is-provider-ace-football-danmark\"><div class=\"wp-block-embed__wrapper\">\n<blockquote class=\"wp-embedded-content\" data-secret=\"AX9IQiCVJf\"><a href=\"https:\/\/acefootball.com\/da\/fodboldnyheder\/journalist-cristiano-ronaldo-er-blevet-tilbudt-til-fc-barcelona\/\">Journalist: Cristiano Ronaldo er blevet tilbudt til FC Barcelona<\/a><\/blockquote><iframe class=\"wp-embedded-content\" sandbox=\"allow-scripts\" security=\"restricted\" style=\"position: absolute; clip: rect(1px, 1px, 1px, 1px);\" title=\"&#8220;Journalist: Cristiano Ronaldo er blevet tilbudt til FC Barcelona&#8221; &#8212; Ace Football Danmark\" src=\"https:\/\/acefootball.com\/da\/fodboldnyheder\/journalist-cristiano-ronaldo-er-blevet-tilbudt-til-fc-barcelona\/embed\/#?secret=AX9IQiCVJf\" data-secret=\"AX9IQiCVJf\" width=\"600\" height=\"338\" frameborder=\"0\" marginwidth=\"0\" marginheight=\"0\" scrolling=\"no\"><\/iframe>\n<\/div><\/figure>\n\n\n\n<p>Rygtet har dog intet hold i virkeligheden. Det fort\u00e6ller folk omkring Ronaldo til det spanske medie <a href=\"https:\/\/en.as.com\/en\/2020\/08\/13\/football\/1597321494_483287.html\" target=\"_blank\" rel=\"noreferrer noopener\">AS<\/a>.<\/p>\n\n\n\n<p>Den 33-\u00e5rige m\u00e5lsluger har kontrakt i Juventus frem til sommeren 2022, og her er m\u00e5ls\u00e6tningen, at den sjette Champions League-titel skal i hus.<\/p>\n","protected":false},"excerpt":{"rendered":"<p>Cristiano Ronaldo er blevet rygtet p\u00e5 vej v\u00e6k fra Juventus, men disse historier har intet p\u00e5 sig, forsikrer portugiserens folk<\/p>\n","protected":false},"author":705,"featured_media":234076,"comment_status":"open","ping_status":"closed","sticky":false,"template":"","format":"standard","meta":{"om_disable_all_campaigns":false,"push_articles_ronaldo":{"active":false,"canonical":0,"publish":false},"force_updates":null},"categories":[8204],"tags":[357,41,65,303,131],"enet_tags":{"player":["30893"],"team":["8634","9885"],"league":["87","55"],"sport_events":[]},"yoast_head":"<!-- This site is optimized with the Yoast SEO plugin v18.3 - https:\/\/yoast.com\/wordpress\/plugins\/seo\/ -->\n<title>Ronaldo-lejr afviser alle rygter om Juventus-exit<\/title>\n<meta name=\"description\" content=\"Cristiano Ronaldo er blevet rygtet p\u00e5 vej v\u00e6k fra Juventus, men disse historier har intet p\u00e5 sig, forsikrer portugiserens folk\" \/>\n<meta name=\"robots\" content=\"index, follow, max-snippet:-1, max-image-preview:large, max-video-preview:-1\" \/>\n<link rel=\"canonical\" href=\"https:\/\/acefootball.com\/da\/fodboldnyheder\/ronaldo-lejr-afviser-alle-rygter-om-juventus-exit\/\" \/>\n<meta property=\"og:locale\" content=\"en_US\" \/>\n<meta property=\"og:type\" content=\"article\" \/>\n<meta property=\"og:title\" content=\"Ronaldo-lejr afviser alle rygter om Juventus-exit\" \/>\n<meta property=\"og:description\" content=\"Cristiano Ronaldo er blevet rygtet p\u00e5 vej v\u00e6k fra Juventus, men disse historier har intet p\u00e5 sig, forsikrer portugiserens folk\" \/>\n<meta property=\"og:url\" content=\"https:\/\/acefootball.com\/da\/fodboldnyheder\/ronaldo-lejr-afviser-alle-rygter-om-juventus-exit\/\" \/>\n<meta property=\"og:site_name\" content=\"Ace Football Danmark\" \/>\n<meta property=\"article:publisher\" content=\"https:\/\/www.facebook.com\/acefootballdk\" \/>\n<meta property=\"article:published_time\" content=\"2020-08-13T18:06:18+00:00\" \/>\n<meta property=\"article:modified_time\" content=\"2020-08-13T18:06:19+00:00\" \/>\n<meta property=\"og:image\" content=\"https:\/\/acefootball.com\/da\/wp-content\/uploads\/sites\/2\/2020\/08\/GettyImages-1264546157.jpg\" \/>\n\t<meta property=\"og:image:width\" content=\"1024\" \/>\n\t<meta property=\"og:image:height\" content=\"738\" \/>\n\t<meta property=\"og:image:type\" content=\"image\/jpeg\" \/>\n<meta name=\"twitter:card\" content=\"summary_large_image\" \/>\n<meta name=\"twitter:label1\" content=\"Written by\" \/>\n\t<meta name=\"twitter:data1\" content=\"Mads Dreyer\" \/>\n\t<meta name=\"twitter:label2\" content=\"Est. reading time\" \/>\n\t<meta name=\"twitter:data2\" content=\"1 minute\" \/>\n<script type=\"application\/ld+json\" class=\"yoast-schema-graph\">{\"@context\":\"https:\/\/schema.org\",\"@graph\":[{\"@type\":\"Organization\",\"@id\":\"https:\/\/acefootball.com\/da\/#organization\",\"name\":\"Ace Football\",\"url\":\"https:\/\/acefootball.com\/da\/\",\"sameAs\":[\"https:\/\/www.facebook.com\/acefootballdk\"],\"logo\":{\"@type\":\"ImageObject\",\"@id\":\"https:\/\/acefootball.com\/da\/#logo\",\"inLanguage\":\"en-US\",\"url\":\"https:\/\/acefootball.com\/da\/wp-content\/uploads\/sites\/2\/2020\/07\/Ace-Football-30-07-2020-2.png\",\"contentUrl\":\"https:\/\/acefootball.com\/da\/wp-content\/uploads\/sites\/2\/2020\/07\/Ace-Football-30-07-2020-2.png\",\"width\":1200,\"height\":600,\"caption\":\"Ace Football\"},\"image\":{\"@id\":\"https:\/\/acefootball.com\/da\/#logo\"}},{\"@type\":\"WebSite\",\"@id\":\"https:\/\/acefootball.com\/da\/#website\",\"url\":\"https:\/\/acefootball.com\/da\/\",\"name\":\"Ace Football Danmark\",\"description\":\"Nyheder, Spiltips &amp; Livescore\",\"publisher\":{\"@id\":\"https:\/\/acefootball.com\/da\/#organization\"},\"potentialAction\":[{\"@type\":\"SearchAction\",\"target\":{\"@type\":\"EntryPoint\",\"urlTemplate\":\"https:\/\/acefootball.com\/da\/?s={search_term_string}\"},\"query-input\":\"required name=search_term_string\"}],\"inLanguage\":\"en-US\"},{\"@type\":\"ImageObject\",\"@id\":\"https:\/\/acefootball.com\/da\/fodboldnyheder\/ronaldo-lejr-afviser-alle-rygter-om-juventus-exit\/#primaryimage\",\"inLanguage\":\"en-US\",\"url\":\"https:\/\/acefootball.com\/da\/wp-content\/uploads\/sites\/2\/2020\/08\/GettyImages-1264546157.jpg\",\"contentUrl\":\"https:\/\/acefootball.com\/da\/wp-content\/uploads\/sites\/2\/2020\/08\/GettyImages-1264546157.jpg\",\"width\":1024,\"height\":738,\"caption\":\"TURIN, ITALY - AUGUST 07: Cristiano Ronaldo of Juventus reacts during the UEFA Champions League round of 16 second leg match between Juventus and Olympique Lyon at Allianz Stadium on August 07, 2020 in Turin, Italy. (Photo by Valerio Pennicino\/Getty Images)\"},{\"@type\":\"WebPage\",\"@id\":\"https:\/\/acefootball.com\/da\/fodboldnyheder\/ronaldo-lejr-afviser-alle-rygter-om-juventus-exit\/#webpage\",\"url\":\"https:\/\/acefootball.com\/da\/fodboldnyheder\/ronaldo-lejr-afviser-alle-rygter-om-juventus-exit\/\",\"name\":\"Ronaldo-lejr afviser alle rygter om Juventus-exit\",\"isPartOf\":{\"@id\":\"https:\/\/acefootball.com\/da\/#website\"},\"primaryImageOfPage\":{\"@id\":\"https:\/\/acefootball.com\/da\/fodboldnyheder\/ronaldo-lejr-afviser-alle-rygter-om-juventus-exit\/#primaryimage\"},\"datePublished\":\"2020-08-13T18:06:18+00:00\",\"dateModified\":\"2020-08-13T18:06:19+00:00\",\"description\":\"Cristiano Ronaldo er blevet rygtet p\u00e5 vej v\u00e6k fra Juventus, men disse historier har intet p\u00e5 sig, forsikrer portugiserens folk\",\"breadcrumb\":{\"@id\":\"https:\/\/acefootball.com\/da\/fodboldnyheder\/ronaldo-lejr-afviser-alle-rygter-om-juventus-exit\/#breadcrumb\"},\"inLanguage\":\"en-US\",\"potentialAction\":[{\"@type\":\"ReadAction\",\"target\":[\"https:\/\/acefootball.com\/da\/fodboldnyheder\/ronaldo-lejr-afviser-alle-rygter-om-juventus-exit\/\"]}]},{\"@type\":\"BreadcrumbList\",\"@id\":\"https:\/\/acefootball.com\/da\/fodboldnyheder\/ronaldo-lejr-afviser-alle-rygter-om-juventus-exit\/#breadcrumb\",\"itemListElement\":[{\"@type\":\"ListItem\",\"position\":1,\"name\":\"Home\",\"item\":\"https:\/\/acefootball.com\/da\/\"},{\"@type\":\"ListItem\",\"position\":2,\"name\":\"Ronaldo-lejr afviser alle rygter om Juventus-exit\"}]},{\"@type\":\"Article\",\"@id\":\"https:\/\/acefootball.com\/da\/fodboldnyheder\/ronaldo-lejr-afviser-alle-rygter-om-juventus-exit\/#article\",\"isPartOf\":{\"@id\":\"https:\/\/acefootball.com\/da\/fodboldnyheder\/ronaldo-lejr-afviser-alle-rygter-om-juventus-exit\/#webpage\"},\"author\":{\"@id\":\"https:\/\/acefootball.com\/da\/#\/schema\/person\/ee67e9cf04a276f144100ffa722f10cd\"},\"headline\":\"Ronaldo-lejr afviser alle rygter om Juventus-exit\",\"datePublished\":\"2020-08-13T18:06:18+00:00\",\"dateModified\":\"2020-08-13T18:06:19+00:00\",\"mainEntityOfPage\":{\"@id\":\"https:\/\/acefootball.com\/da\/fodboldnyheder\/ronaldo-lejr-afviser-alle-rygter-om-juventus-exit\/#webpage\"},\"wordCount\":125,\"commentCount\":0,\"publisher\":{\"@id\":\"https:\/\/acefootball.com\/da\/#organization\"},\"image\":{\"@id\":\"https:\/\/acefootball.com\/da\/fodboldnyheder\/ronaldo-lejr-afviser-alle-rygter-om-juventus-exit\/#primaryimage\"},\"thumbnailUrl\":\"https:\/\/acefootball.com\/da\/wp-content\/uploads\/sites\/2\/2020\/08\/GettyImages-1264546157.jpg\",\"keywords\":[\"Cristiano Ronaldo\",\"FC Barcelona\",\"Juventus\",\"La Liga\",\"Serie A\"],\"articleSection\":[\"Udtalelse\"],\"inLanguage\":\"en-US\",\"potentialAction\":[{\"@type\":\"CommentAction\",\"name\":\"Comment\",\"target\":[\"https:\/\/acefootball.com\/da\/fodboldnyheder\/ronaldo-lejr-afviser-alle-rygter-om-juventus-exit\/#respond\"]}]},{\"@type\":\"Person\",\"@id\":\"https:\/\/acefootball.com\/da\/#\/schema\/person\/ee67e9cf04a276f144100ffa722f10cd\",\"name\":\"Mads Dreyer\",\"image\":{\"@type\":\"ImageObject\",\"@id\":\"https:\/\/acefootball.com\/da\/#personlogo\",\"inLanguage\":\"en-US\",\"url\":\"https:\/\/secure.gravatar.com\/avatar\/7c7abf72cfde9902b6a60efe60c88d4c?s=96&d=mm&r=g\",\"contentUrl\":\"https:\/\/secure.gravatar.com\/avatar\/7c7abf72cfde9902b6a60efe60c88d4c?s=96&d=mm&r=g\",\"caption\":\"Mads Dreyer\"},\"description\":\"Skribent og fodboldn\u00f8rd, der lige nu fort\u00e6ller om alt og intet i fodboldverdenen p\u00e5 acefootball.com. Uddannet i kommunikation fra Aalborg Universitet.\",\"sameAs\":[\"https:\/\/www.linkedin.com\/in\/mads-dreyer-b9b08266\/\"],\"url\":\"https:\/\/acefootball.com\/da\/fodboldnyheder\/author\/mdnronaldo\/\"}]}<\/script>\n<!-- \/ Yoast SEO plugin. -->","yoast_head_json":{"title":"Ronaldo-lejr afviser alle rygter om Juventus-exit","description":"Cristiano Ronaldo er blevet rygtet p\u00e5 vej v\u00e6k fra Juventus, men disse historier har intet p\u00e5 sig, forsikrer portugiserens folk","robots":{"index":"index","follow":"follow","max-snippet":"max-snippet:-1","max-image-preview":"max-image-preview:large","max-video-preview":"max-video-preview:-1"},"canonical":"https:\/\/acefootball.com\/da\/fodboldnyheder\/ronaldo-lejr-afviser-alle-rygter-om-juventus-exit\/","og_locale":"en_US","og_type":"article","og_title":"Ronaldo-lejr afviser alle rygter om Juventus-exit","og_description":"Cristiano Ronaldo er blevet rygtet p\u00e5 vej v\u00e6k fra Juventus, men disse historier har intet p\u00e5 sig, forsikrer portugiserens folk","og_url":"https:\/\/acefootball.com\/da\/fodboldnyheder\/ronaldo-lejr-afviser-alle-rygter-om-juventus-exit\/","og_site_name":"Ace Football Danmark","article_publisher":"https:\/\/www.facebook.com\/acefootballdk","article_published_time":"2020-08-13T18:06:18+00:00","article_modified_time":"2020-08-13T18:06:19+00:00","og_image":[{"width":1024,"height":738,"url":"https:\/\/acefootball.com\/da\/wp-content\/uploads\/sites\/2\/2020\/08\/GettyImages-1264546157.jpg","type":"image\/jpeg"}],"twitter_card":"summary_large_image","twitter_misc":{"Written by":"Mads Dreyer","Est. reading time":"1 minute"},"schema":{"@context":"https:\/\/schema.org","@graph":[{"@type":"Organization","@id":"https:\/\/acefootball.com\/da\/#organization","name":"Ace Football","url":"https:\/\/acefootball.com\/da\/","sameAs":["https:\/\/www.facebook.com\/acefootballdk"],"logo":{"@type":"ImageObject","@id":"https:\/\/acefootball.com\/da\/#logo","inLanguage":"en-US","url":"https:\/\/acefootball.com\/da\/wp-content\/uploads\/sites\/2\/2020\/07\/Ace-Football-30-07-2020-2.png","contentUrl":"https:\/\/acefootball.com\/da\/wp-content\/uploads\/sites\/2\/2020\/07\/Ace-Football-30-07-2020-2.png","width":1200,"height":600,"caption":"Ace Football"},"image":{"@id":"https:\/\/acefootball.com\/da\/#logo"}},{"@type":"WebSite","@id":"https:\/\/acefootball.com\/da\/#website","url":"https:\/\/acefootball.com\/da\/","name":"Ace Football Danmark","description":"Nyheder, Spiltips &amp; Livescore","publisher":{"@id":"https:\/\/acefootball.com\/da\/#organization"},"potentialAction":[{"@type":"SearchAction","target":{"@type":"EntryPoint","urlTemplate":"https:\/\/acefootball.com\/da\/?s={search_term_string}"},"query-input":"required name=search_term_string"}],"inLanguage":"en-US"},{"@type":"ImageObject","@id":"https:\/\/acefootball.com\/da\/fodboldnyheder\/ronaldo-lejr-afviser-alle-rygter-om-juventus-exit\/#primaryimage","inLanguage":"en-US","url":"https:\/\/acefootball.com\/da\/wp-content\/uploads\/sites\/2\/2020\/08\/GettyImages-1264546157.jpg","contentUrl":"https:\/\/acefootball.com\/da\/wp-content\/uploads\/sites\/2\/2020\/08\/GettyImages-1264546157.jpg","width":1024,"height":738,"caption":"TURIN, ITALY - AUGUST 07: Cristiano Ronaldo of Juventus reacts during the UEFA Champions League round of 16 second leg match between Juventus and Olympique Lyon at Allianz Stadium on August 07, 2020 in Turin, Italy. (Photo by Valerio Pennicino\/Getty Images)"},{"@type":"WebPage","@id":"https:\/\/acefootball.com\/da\/fodboldnyheder\/ronaldo-lejr-afviser-alle-rygter-om-juventus-exit\/#webpage","url":"https:\/\/acefootball.com\/da\/fodboldnyheder\/ronaldo-lejr-afviser-alle-rygter-om-juventus-exit\/","name":"Ronaldo-lejr afviser alle rygter om Juventus-exit","isPartOf":{"@id":"https:\/\/acefootball.com\/da\/#website"},"primaryImageOfPage":{"@id":"https:\/\/acefootball.com\/da\/fodboldnyheder\/ronaldo-lejr-afviser-alle-rygter-om-juventus-exit\/#primaryimage"},"datePublished":"2020-08-13T18:06:18+00:00","dateModified":"2020-08-13T18:06:19+00:00","description":"Cristiano Ronaldo er blevet rygtet p\u00e5 vej v\u00e6k fra Juventus, men disse historier har intet p\u00e5 sig, forsikrer portugiserens folk","breadcrumb":{"@id":"https:\/\/acefootball.com\/da\/fodboldnyheder\/ronaldo-lejr-afviser-alle-rygter-om-juventus-exit\/#breadcrumb"},"inLanguage":"en-US","potentialAction":[{"@type":"ReadAction","target":["https:\/\/acefootball.com\/da\/fodboldnyheder\/ronaldo-lejr-afviser-alle-rygter-om-juventus-exit\/"]}]},{"@type":"BreadcrumbList","@id":"https:\/\/acefootball.com\/da\/fodboldnyheder\/ronaldo-lejr-afviser-alle-rygter-om-juventus-exit\/#breadcrumb","itemListElement":[{"@type":"ListItem","position":1,"name":"Home","item":"https:\/\/acefootball.com\/da\/"},{"@type":"ListItem","position":2,"name":"Ronaldo-lejr afviser alle rygter om Juventus-exit"}]},{"@type":"Article","@id":"https:\/\/acefootball.com\/da\/fodboldnyheder\/ronaldo-lejr-afviser-alle-rygter-om-juventus-exit\/#article","isPartOf":{"@id":"https:\/\/acefootball.com\/da\/fodboldnyheder\/ronaldo-lejr-afviser-alle-rygter-om-juventus-exit\/#webpage"},"author":{"@id":"https:\/\/acefootball.com\/da\/#\/schema\/person\/ee67e9cf04a276f144100ffa722f10cd"},"headline":"Ronaldo-lejr afviser alle rygter om Juventus-exit","datePublished":"2020-08-13T18:06:18+00:00","dateModified":"2020-08-13T18:06:19+00:00","mainEntityOfPage":{"@id":"https:\/\/acefootball.com\/da\/fodboldnyheder\/ronaldo-lejr-afviser-alle-rygter-om-juventus-exit\/#webpage"},"wordCount":125,"commentCount":0,"publisher":{"@id":"https:\/\/acefootball.com\/da\/#organization"},"image":{"@id":"https:\/\/acefootball.com\/da\/fodboldnyheder\/ronaldo-lejr-afviser-alle-rygter-om-juventus-exit\/#primaryimage"},"thumbnailUrl":"https:\/\/acefootball.com\/da\/wp-content\/uploads\/sites\/2\/2020\/08\/GettyImages-1264546157.jpg","keywords":["Cristiano Ronaldo","FC Barcelona","Juventus","La Liga","Serie A"],"articleSection":["Udtalelse"],"inLanguage":"en-US","potentialAction":[{"@type":"CommentAction","name":"Comment","target":["https:\/\/acefootball.com\/da\/fodboldnyheder\/ronaldo-lejr-afviser-alle-rygter-om-juventus-exit\/#respond"]}]},{"@type":"Person","@id":"https:\/\/acefootball.com\/da\/#\/schema\/person\/ee67e9cf04a276f144100ffa722f10cd","name":"Mads Dreyer","image":{"@type":"ImageObject","@id":"https:\/\/acefootball.com\/da\/#personlogo","inLanguage":"en-US","url":"https:\/\/secure.gravatar.com\/avatar\/7c7abf72cfde9902b6a60efe60c88d4c?s=96&d=mm&r=g","contentUrl":"https:\/\/secure.gravatar.com\/avatar\/7c7abf72cfde9902b6a60efe60c88d4c?s=96&d=mm&r=g","caption":"Mads Dreyer"},"description":"Skribent og fodboldn\u00f8rd, der lige nu fort\u00e6ller om alt og intet i fodboldverdenen p\u00e5 acefootball.com. Uddannet i kommunikation fra Aalborg Universitet.","sameAs":["https:\/\/www.linkedin.com\/in\/mads-dreyer-b9b08266\/"],"url":"https:\/\/acefootball.com\/da\/fodboldnyheder\/author\/mdnronaldo\/"}]}},"fimg_url":"https:\/\/acefootball.com\/da\/wp-content\/uploads\/sites\/2\/2020\/08\/GettyImages-1264546157.jpg","_links":{"self":[{"href":"https:\/\/acefootball.com\/da\/wp-json\/wp\/v2\/posts\/234075"}],"collection":[{"href":"https:\/\/acefootball.com\/da\/wp-json\/wp\/v2\/posts"}],"about":[{"href":"https:\/\/acefootball.com\/da\/wp-json\/wp\/v2\/types\/post"}],"author":[{"embeddable":true,"href":"https:\/\/acefootball.com\/da\/wp-json\/wp\/v2\/users\/705"}],"replies":[{"embeddable":true,"href":"https:\/\/acefootball.com\/da\/wp-json\/wp\/v2\/comments?post=234075"}],"version-history":[{"count":0,"href":"https:\/\/acefootball.com\/da\/wp-json\/wp\/v2\/posts\/234075\/revisions"}],"wp:featuredmedia":[{"embeddable":true,"href":"https:\/\/acefootball.com\/da\/wp-json\/wp\/v2\/media\/234076"}],"wp:attachment":[{"href":"https:\/\/acefootball.com\/da\/wp-json\/wp\/v2\/media?parent=234075"}],"wp:term":[{"taxonomy":"category","embeddable":true,"href":"https:\/\/acefootball.com\/da\/wp-json\/wp\/v2\/categories?post=234075"},{"taxonomy":"post_tag","embeddable":true,"href":"https:\/\/acefootball.com\/da\/wp-json\/wp\/v2\/tags?post=234075"}],"curies":[{"name":"wp","href":"https:\/\/api.w.org\/{rel}","templated":true}]}}