{"id":234069,"date":"2020-08-13T18:39:13","date_gmt":"2020-08-13T16:39:13","guid":{"rendered":"https:\/\/acefootball.com\/da\/?p=234069"},"modified":"2020-08-13T18:39:13","modified_gmt":"2020-08-13T16:39:13","slug":"solbakken-tager-wilczek-vrede-med-ro","status":"publish","type":"post","link":"https:\/\/acefootball.com\/da\/fodboldnyheder\/solbakken-tager-wilczek-vrede-med-ro\/","title":{"rendered":"Solbakken tager Wilczek-vrede med ro"},"content":{"rendered":"\n<h2>Der er stor utilfredshed med indk\u00f8bet af Kamil Wilczek blandt FC K\u00f8benhavns fans, men St\u00e5le Solbakken regner med, det l\u00f8ser sig<\/h2>\n\n\n\n<p>Kamil Wilczek blev i sidste uge hentet tilbage til Superligaen efter et skidt halv\u00e5r i tyrkisk fodbold, da FC K\u00f8benhavn stod klar med en kontrakt.<\/p>\n\n\n\n<p>Det er dog ikke faldet i god jord hos en stor gruppe FCK-supportere, og fangruppen Urban Crew er g\u00e5et s\u00e5 langt som til offentligt at ford\u00f8mme indk\u00f8bet af polakken med en fortid i Br\u00f8ndby IF.<\/p>\n\n\n\n<p>Ogs\u00e5 klubben har f\u00e5et en h\u00e5rd medfart fra tilh\u00e6ngerne, men manager St\u00e5le Solbakken tager situationen med ro og regner med, at det hele g\u00e5r i orden.<\/p>\n\n\n\n<figure class=\"wp-block-embed-wordpress wp-block-embed is-type-wp-embed is-provider-ace-football-danmark\"><div class=\"wp-block-embed__wrapper\">\n<blockquote class=\"wp-embedded-content\" data-secret=\"EUUijO5h7K\"><a href=\"https:\/\/acefootball.com\/da\/fodboldnyheder\/dropper-fck-skov-olsen-er-paa-vej-til-la-liga\/\">Dropper FCK &#8211; Skov Olsen er p\u00e5 vej til La Liga<\/a><\/blockquote><iframe class=\"wp-embedded-content\" sandbox=\"allow-scripts\" security=\"restricted\" style=\"position: absolute; clip: rect(1px, 1px, 1px, 1px);\" title=\"&#8220;Dropper FCK &#8211; Skov Olsen er p\u00e5 vej til La Liga&#8221; &#8212; Ace Football Danmark\" src=\"https:\/\/acefootball.com\/da\/fodboldnyheder\/dropper-fck-skov-olsen-er-paa-vej-til-la-liga\/embed\/#?secret=EUUijO5h7K\" data-secret=\"EUUijO5h7K\" width=\"600\" height=\"338\" frameborder=\"0\" marginwidth=\"0\" marginheight=\"0\" scrolling=\"no\"><\/iframe>\n<\/div><\/figure>\n\n\n\n<p>&#8220;Om det bliver et problem, at vores fans har det s\u00e5dan, kan kun tiden vise. Jeg tror, det hele l\u00f8ser sig, hvis det g\u00e5r godt sportsligt. S\u00e5 det er det, vi fokuserer p\u00e5 lige nu,&#8221; siger nordmanden til <a href=\"https:\/\/www.bt.dk\/superligaen\/staale-solbakken-om-utilfredse-fck-fans-kamil-er-en-del-af-os-nu\" target=\"_blank\" rel=\"noreferrer noopener\">B.T.<\/a><\/p>\n\n\n\n<p>Kamil Wilczek spillede 163 kampe for Br\u00f8ndby i perioden 2016 til 2020, hvor han bidrog med 92 m\u00e5l.<\/p>\n","protected":false},"excerpt":{"rendered":"<p>Der er stor utilfredshed med indk\u00f8bet af Kamil Wilczek blandt FC K\u00f8benhavns fans, men St\u00e5le Solbakken regner med, det l\u00f8ser sig<\/p>\n","protected":false},"author":705,"featured_media":234070,"comment_status":"open","ping_status":"closed","sticky":false,"template":"","format":"standard","meta":{"om_disable_all_campaigns":false,"push_articles_ronaldo":{"active":false,"canonical":0,"publish":false},"force_updates":null},"categories":[8204],"tags":[16,958,182,588],"enet_tags":{"team":["8391"],"player":["105535","78638"],"league":["46"],"sport_events":[]},"yoast_head":"<!-- This site is optimized with the Yoast SEO plugin v18.3 - https:\/\/yoast.com\/wordpress\/plugins\/seo\/ -->\n<title>Solbakken tager Wilczek-vrede med ro<\/title>\n<meta name=\"description\" content=\"Der er stor utilfredshed med indk\u00f8bet af Kamil Wilczek blandt FC K\u00f8benhavns fans, men St\u00e5le Solbakken regner med, det l\u00f8ser sig\" \/>\n<meta name=\"robots\" content=\"index, follow, max-snippet:-1, max-image-preview:large, max-video-preview:-1\" \/>\n<link rel=\"canonical\" href=\"https:\/\/acefootball.com\/da\/fodboldnyheder\/solbakken-tager-wilczek-vrede-med-ro\/\" \/>\n<meta property=\"og:locale\" content=\"en_US\" \/>\n<meta property=\"og:type\" content=\"article\" \/>\n<meta property=\"og:title\" content=\"Solbakken tager Wilczek-vrede med ro\" \/>\n<meta property=\"og:description\" content=\"Der er stor utilfredshed med indk\u00f8bet af Kamil Wilczek blandt FC K\u00f8benhavns fans, men St\u00e5le Solbakken regner med, det l\u00f8ser sig\" \/>\n<meta property=\"og:url\" content=\"https:\/\/acefootball.com\/da\/fodboldnyheder\/solbakken-tager-wilczek-vrede-med-ro\/\" \/>\n<meta property=\"og:site_name\" content=\"Ace Football Danmark\" \/>\n<meta property=\"article:publisher\" content=\"https:\/\/www.facebook.com\/acefootballdk\" \/>\n<meta property=\"article:published_time\" content=\"2020-08-13T16:39:13+00:00\" \/>\n<meta property=\"og:image\" content=\"https:\/\/acefootball.com\/da\/wp-content\/uploads\/sites\/2\/2020\/08\/GettyImages-1227694937.jpg\" \/>\n\t<meta property=\"og:image:width\" content=\"1024\" \/>\n\t<meta property=\"og:image:height\" content=\"714\" \/>\n\t<meta property=\"og:image:type\" content=\"image\/jpeg\" \/>\n<meta name=\"twitter:card\" content=\"summary_large_image\" \/>\n<meta name=\"twitter:label1\" content=\"Written by\" \/>\n\t<meta name=\"twitter:data1\" content=\"Mads Dreyer\" \/>\n\t<meta name=\"twitter:label2\" content=\"Est. reading time\" \/>\n\t<meta name=\"twitter:data2\" content=\"1 minute\" \/>\n<script type=\"application\/ld+json\" class=\"yoast-schema-graph\">{\"@context\":\"https:\/\/schema.org\",\"@graph\":[{\"@type\":\"Organization\",\"@id\":\"https:\/\/acefootball.com\/da\/#organization\",\"name\":\"Ace Football\",\"url\":\"https:\/\/acefootball.com\/da\/\",\"sameAs\":[\"https:\/\/www.facebook.com\/acefootballdk\"],\"logo\":{\"@type\":\"ImageObject\",\"@id\":\"https:\/\/acefootball.com\/da\/#logo\",\"inLanguage\":\"en-US\",\"url\":\"https:\/\/acefootball.com\/da\/wp-content\/uploads\/sites\/2\/2020\/07\/Ace-Football-30-07-2020-2.png\",\"contentUrl\":\"https:\/\/acefootball.com\/da\/wp-content\/uploads\/sites\/2\/2020\/07\/Ace-Football-30-07-2020-2.png\",\"width\":1200,\"height\":600,\"caption\":\"Ace Football\"},\"image\":{\"@id\":\"https:\/\/acefootball.com\/da\/#logo\"}},{\"@type\":\"WebSite\",\"@id\":\"https:\/\/acefootball.com\/da\/#website\",\"url\":\"https:\/\/acefootball.com\/da\/\",\"name\":\"Ace Football Danmark\",\"description\":\"Nyheder, Spiltips &amp; Livescore\",\"publisher\":{\"@id\":\"https:\/\/acefootball.com\/da\/#organization\"},\"potentialAction\":[{\"@type\":\"SearchAction\",\"target\":{\"@type\":\"EntryPoint\",\"urlTemplate\":\"https:\/\/acefootball.com\/da\/?s={search_term_string}\"},\"query-input\":\"required name=search_term_string\"}],\"inLanguage\":\"en-US\"},{\"@type\":\"ImageObject\",\"@id\":\"https:\/\/acefootball.com\/da\/fodboldnyheder\/solbakken-tager-wilczek-vrede-med-ro\/#primaryimage\",\"inLanguage\":\"en-US\",\"url\":\"https:\/\/acefootball.com\/da\/wp-content\/uploads\/sites\/2\/2020\/08\/GettyImages-1227694937.jpg\",\"contentUrl\":\"https:\/\/acefootball.com\/da\/wp-content\/uploads\/sites\/2\/2020\/08\/GettyImages-1227694937.jpg\",\"width\":1024,\"height\":714,\"caption\":\"COPENHAGEN, DENMARK - JULY 19: Stale Solbakken, head coach of FC Copenhagen leaving the pitch dejected after the Danish 3F Superliga match between FC Copenhagen and AGF Aarhus at Telia Parken on July 19, 2020 in Copenhagen, Denmark. (Photo by Lars Ronbog \/ FrontZoneSport via Getty Images)\"},{\"@type\":\"WebPage\",\"@id\":\"https:\/\/acefootball.com\/da\/fodboldnyheder\/solbakken-tager-wilczek-vrede-med-ro\/#webpage\",\"url\":\"https:\/\/acefootball.com\/da\/fodboldnyheder\/solbakken-tager-wilczek-vrede-med-ro\/\",\"name\":\"Solbakken tager Wilczek-vrede med ro\",\"isPartOf\":{\"@id\":\"https:\/\/acefootball.com\/da\/#website\"},\"primaryImageOfPage\":{\"@id\":\"https:\/\/acefootball.com\/da\/fodboldnyheder\/solbakken-tager-wilczek-vrede-med-ro\/#primaryimage\"},\"datePublished\":\"2020-08-13T16:39:13+00:00\",\"dateModified\":\"2020-08-13T16:39:13+00:00\",\"description\":\"Der er stor utilfredshed med indk\u00f8bet af Kamil Wilczek blandt FC K\u00f8benhavns fans, men St\u00e5le Solbakken regner med, det l\u00f8ser sig\",\"breadcrumb\":{\"@id\":\"https:\/\/acefootball.com\/da\/fodboldnyheder\/solbakken-tager-wilczek-vrede-med-ro\/#breadcrumb\"},\"inLanguage\":\"en-US\",\"potentialAction\":[{\"@type\":\"ReadAction\",\"target\":[\"https:\/\/acefootball.com\/da\/fodboldnyheder\/solbakken-tager-wilczek-vrede-med-ro\/\"]}]},{\"@type\":\"BreadcrumbList\",\"@id\":\"https:\/\/acefootball.com\/da\/fodboldnyheder\/solbakken-tager-wilczek-vrede-med-ro\/#breadcrumb\",\"itemListElement\":[{\"@type\":\"ListItem\",\"position\":1,\"name\":\"Home\",\"item\":\"https:\/\/acefootball.com\/da\/\"},{\"@type\":\"ListItem\",\"position\":2,\"name\":\"Solbakken tager Wilczek-vrede med ro\"}]},{\"@type\":\"Article\",\"@id\":\"https:\/\/acefootball.com\/da\/fodboldnyheder\/solbakken-tager-wilczek-vrede-med-ro\/#article\",\"isPartOf\":{\"@id\":\"https:\/\/acefootball.com\/da\/fodboldnyheder\/solbakken-tager-wilczek-vrede-med-ro\/#webpage\"},\"author\":{\"@id\":\"https:\/\/acefootball.com\/da\/#\/schema\/person\/ee67e9cf04a276f144100ffa722f10cd\"},\"headline\":\"Solbakken tager Wilczek-vrede med ro\",\"datePublished\":\"2020-08-13T16:39:13+00:00\",\"dateModified\":\"2020-08-13T16:39:13+00:00\",\"mainEntityOfPage\":{\"@id\":\"https:\/\/acefootball.com\/da\/fodboldnyheder\/solbakken-tager-wilczek-vrede-med-ro\/#webpage\"},\"wordCount\":192,\"commentCount\":0,\"publisher\":{\"@id\":\"https:\/\/acefootball.com\/da\/#organization\"},\"image\":{\"@id\":\"https:\/\/acefootball.com\/da\/fodboldnyheder\/solbakken-tager-wilczek-vrede-med-ro\/#primaryimage\"},\"thumbnailUrl\":\"https:\/\/acefootball.com\/da\/wp-content\/uploads\/sites\/2\/2020\/08\/GettyImages-1227694937.jpg\",\"keywords\":[\"FC K\u00f8benhavn\",\"Kamil Wilczek\",\"St\u00e5le Solbakken\",\"Superligaen\"],\"articleSection\":[\"Udtalelse\"],\"inLanguage\":\"en-US\",\"potentialAction\":[{\"@type\":\"CommentAction\",\"name\":\"Comment\",\"target\":[\"https:\/\/acefootball.com\/da\/fodboldnyheder\/solbakken-tager-wilczek-vrede-med-ro\/#respond\"]}]},{\"@type\":\"Person\",\"@id\":\"https:\/\/acefootball.com\/da\/#\/schema\/person\/ee67e9cf04a276f144100ffa722f10cd\",\"name\":\"Mads Dreyer\",\"image\":{\"@type\":\"ImageObject\",\"@id\":\"https:\/\/acefootball.com\/da\/#personlogo\",\"inLanguage\":\"en-US\",\"url\":\"https:\/\/secure.gravatar.com\/avatar\/7c7abf72cfde9902b6a60efe60c88d4c?s=96&d=mm&r=g\",\"contentUrl\":\"https:\/\/secure.gravatar.com\/avatar\/7c7abf72cfde9902b6a60efe60c88d4c?s=96&d=mm&r=g\",\"caption\":\"Mads Dreyer\"},\"description\":\"Skribent og fodboldn\u00f8rd, der lige nu fort\u00e6ller om alt og intet i fodboldverdenen p\u00e5 acefootball.com. Uddannet i kommunikation fra Aalborg Universitet.\",\"sameAs\":[\"https:\/\/www.linkedin.com\/in\/mads-dreyer-b9b08266\/\"],\"url\":\"https:\/\/acefootball.com\/da\/fodboldnyheder\/author\/mdnronaldo\/\"}]}<\/script>\n<!-- \/ Yoast SEO plugin. -->","yoast_head_json":{"title":"Solbakken tager Wilczek-vrede med ro","description":"Der er stor utilfredshed med indk\u00f8bet af Kamil Wilczek blandt FC K\u00f8benhavns fans, men St\u00e5le Solbakken regner med, det l\u00f8ser sig","robots":{"index":"index","follow":"follow","max-snippet":"max-snippet:-1","max-image-preview":"max-image-preview:large","max-video-preview":"max-video-preview:-1"},"canonical":"https:\/\/acefootball.com\/da\/fodboldnyheder\/solbakken-tager-wilczek-vrede-med-ro\/","og_locale":"en_US","og_type":"article","og_title":"Solbakken tager Wilczek-vrede med ro","og_description":"Der er stor utilfredshed med indk\u00f8bet af Kamil Wilczek blandt FC K\u00f8benhavns fans, men St\u00e5le Solbakken regner med, det l\u00f8ser sig","og_url":"https:\/\/acefootball.com\/da\/fodboldnyheder\/solbakken-tager-wilczek-vrede-med-ro\/","og_site_name":"Ace Football Danmark","article_publisher":"https:\/\/www.facebook.com\/acefootballdk","article_published_time":"2020-08-13T16:39:13+00:00","og_image":[{"width":1024,"height":714,"url":"https:\/\/acefootball.com\/da\/wp-content\/uploads\/sites\/2\/2020\/08\/GettyImages-1227694937.jpg","type":"image\/jpeg"}],"twitter_card":"summary_large_image","twitter_misc":{"Written by":"Mads Dreyer","Est. reading time":"1 minute"},"schema":{"@context":"https:\/\/schema.org","@graph":[{"@type":"Organization","@id":"https:\/\/acefootball.com\/da\/#organization","name":"Ace Football","url":"https:\/\/acefootball.com\/da\/","sameAs":["https:\/\/www.facebook.com\/acefootballdk"],"logo":{"@type":"ImageObject","@id":"https:\/\/acefootball.com\/da\/#logo","inLanguage":"en-US","url":"https:\/\/acefootball.com\/da\/wp-content\/uploads\/sites\/2\/2020\/07\/Ace-Football-30-07-2020-2.png","contentUrl":"https:\/\/acefootball.com\/da\/wp-content\/uploads\/sites\/2\/2020\/07\/Ace-Football-30-07-2020-2.png","width":1200,"height":600,"caption":"Ace Football"},"image":{"@id":"https:\/\/acefootball.com\/da\/#logo"}},{"@type":"WebSite","@id":"https:\/\/acefootball.com\/da\/#website","url":"https:\/\/acefootball.com\/da\/","name":"Ace Football Danmark","description":"Nyheder, Spiltips &amp; Livescore","publisher":{"@id":"https:\/\/acefootball.com\/da\/#organization"},"potentialAction":[{"@type":"SearchAction","target":{"@type":"EntryPoint","urlTemplate":"https:\/\/acefootball.com\/da\/?s={search_term_string}"},"query-input":"required name=search_term_string"}],"inLanguage":"en-US"},{"@type":"ImageObject","@id":"https:\/\/acefootball.com\/da\/fodboldnyheder\/solbakken-tager-wilczek-vrede-med-ro\/#primaryimage","inLanguage":"en-US","url":"https:\/\/acefootball.com\/da\/wp-content\/uploads\/sites\/2\/2020\/08\/GettyImages-1227694937.jpg","contentUrl":"https:\/\/acefootball.com\/da\/wp-content\/uploads\/sites\/2\/2020\/08\/GettyImages-1227694937.jpg","width":1024,"height":714,"caption":"COPENHAGEN, DENMARK - JULY 19: Stale Solbakken, head coach of FC Copenhagen leaving the pitch dejected after the Danish 3F Superliga match between FC Copenhagen and AGF Aarhus at Telia Parken on July 19, 2020 in Copenhagen, Denmark. (Photo by Lars Ronbog \/ FrontZoneSport via Getty Images)"},{"@type":"WebPage","@id":"https:\/\/acefootball.com\/da\/fodboldnyheder\/solbakken-tager-wilczek-vrede-med-ro\/#webpage","url":"https:\/\/acefootball.com\/da\/fodboldnyheder\/solbakken-tager-wilczek-vrede-med-ro\/","name":"Solbakken tager Wilczek-vrede med ro","isPartOf":{"@id":"https:\/\/acefootball.com\/da\/#website"},"primaryImageOfPage":{"@id":"https:\/\/acefootball.com\/da\/fodboldnyheder\/solbakken-tager-wilczek-vrede-med-ro\/#primaryimage"},"datePublished":"2020-08-13T16:39:13+00:00","dateModified":"2020-08-13T16:39:13+00:00","description":"Der er stor utilfredshed med indk\u00f8bet af Kamil Wilczek blandt FC K\u00f8benhavns fans, men St\u00e5le Solbakken regner med, det l\u00f8ser sig","breadcrumb":{"@id":"https:\/\/acefootball.com\/da\/fodboldnyheder\/solbakken-tager-wilczek-vrede-med-ro\/#breadcrumb"},"inLanguage":"en-US","potentialAction":[{"@type":"ReadAction","target":["https:\/\/acefootball.com\/da\/fodboldnyheder\/solbakken-tager-wilczek-vrede-med-ro\/"]}]},{"@type":"BreadcrumbList","@id":"https:\/\/acefootball.com\/da\/fodboldnyheder\/solbakken-tager-wilczek-vrede-med-ro\/#breadcrumb","itemListElement":[{"@type":"ListItem","position":1,"name":"Home","item":"https:\/\/acefootball.com\/da\/"},{"@type":"ListItem","position":2,"name":"Solbakken tager Wilczek-vrede med ro"}]},{"@type":"Article","@id":"https:\/\/acefootball.com\/da\/fodboldnyheder\/solbakken-tager-wilczek-vrede-med-ro\/#article","isPartOf":{"@id":"https:\/\/acefootball.com\/da\/fodboldnyheder\/solbakken-tager-wilczek-vrede-med-ro\/#webpage"},"author":{"@id":"https:\/\/acefootball.com\/da\/#\/schema\/person\/ee67e9cf04a276f144100ffa722f10cd"},"headline":"Solbakken tager Wilczek-vrede med ro","datePublished":"2020-08-13T16:39:13+00:00","dateModified":"2020-08-13T16:39:13+00:00","mainEntityOfPage":{"@id":"https:\/\/acefootball.com\/da\/fodboldnyheder\/solbakken-tager-wilczek-vrede-med-ro\/#webpage"},"wordCount":192,"commentCount":0,"publisher":{"@id":"https:\/\/acefootball.com\/da\/#organization"},"image":{"@id":"https:\/\/acefootball.com\/da\/fodboldnyheder\/solbakken-tager-wilczek-vrede-med-ro\/#primaryimage"},"thumbnailUrl":"https:\/\/acefootball.com\/da\/wp-content\/uploads\/sites\/2\/2020\/08\/GettyImages-1227694937.jpg","keywords":["FC K\u00f8benhavn","Kamil Wilczek","St\u00e5le Solbakken","Superligaen"],"articleSection":["Udtalelse"],"inLanguage":"en-US","potentialAction":[{"@type":"CommentAction","name":"Comment","target":["https:\/\/acefootball.com\/da\/fodboldnyheder\/solbakken-tager-wilczek-vrede-med-ro\/#respond"]}]},{"@type":"Person","@id":"https:\/\/acefootball.com\/da\/#\/schema\/person\/ee67e9cf04a276f144100ffa722f10cd","name":"Mads Dreyer","image":{"@type":"ImageObject","@id":"https:\/\/acefootball.com\/da\/#personlogo","inLanguage":"en-US","url":"https:\/\/secure.gravatar.com\/avatar\/7c7abf72cfde9902b6a60efe60c88d4c?s=96&d=mm&r=g","contentUrl":"https:\/\/secure.gravatar.com\/avatar\/7c7abf72cfde9902b6a60efe60c88d4c?s=96&d=mm&r=g","caption":"Mads Dreyer"},"description":"Skribent og fodboldn\u00f8rd, der lige nu fort\u00e6ller om alt og intet i fodboldverdenen p\u00e5 acefootball.com. Uddannet i kommunikation fra Aalborg Universitet.","sameAs":["https:\/\/www.linkedin.com\/in\/mads-dreyer-b9b08266\/"],"url":"https:\/\/acefootball.com\/da\/fodboldnyheder\/author\/mdnronaldo\/"}]}},"fimg_url":"https:\/\/acefootball.com\/da\/wp-content\/uploads\/sites\/2\/2020\/08\/GettyImages-1227694937.jpg","_links":{"self":[{"href":"https:\/\/acefootball.com\/da\/wp-json\/wp\/v2\/posts\/234069"}],"collection":[{"href":"https:\/\/acefootball.com\/da\/wp-json\/wp\/v2\/posts"}],"about":[{"href":"https:\/\/acefootball.com\/da\/wp-json\/wp\/v2\/types\/post"}],"author":[{"embeddable":true,"href":"https:\/\/acefootball.com\/da\/wp-json\/wp\/v2\/users\/705"}],"replies":[{"embeddable":true,"href":"https:\/\/acefootball.com\/da\/wp-json\/wp\/v2\/comments?post=234069"}],"version-history":[{"count":0,"href":"https:\/\/acefootball.com\/da\/wp-json\/wp\/v2\/posts\/234069\/revisions"}],"wp:featuredmedia":[{"embeddable":true,"href":"https:\/\/acefootball.com\/da\/wp-json\/wp\/v2\/media\/234070"}],"wp:attachment":[{"href":"https:\/\/acefootball.com\/da\/wp-json\/wp\/v2\/media?parent=234069"}],"wp:term":[{"taxonomy":"category","embeddable":true,"href":"https:\/\/acefootball.com\/da\/wp-json\/wp\/v2\/categories?post=234069"},{"taxonomy":"post_tag","embeddable":true,"href":"https:\/\/acefootball.com\/da\/wp-json\/wp\/v2\/tags?post=234069"}],"curies":[{"name":"wp","href":"https:\/\/api.w.org\/{rel}","templated":true}]}}