{"id":234066,"date":"2020-08-13T18:00:25","date_gmt":"2020-08-13T16:00:25","guid":{"rendered":"https:\/\/acefootball.com\/da\/?p=234066"},"modified":"2020-08-13T18:00:26","modified_gmt":"2020-08-13T16:00:26","slug":"officielt-empoli-sender-mraz-til-polsk-fodbold","status":"publish","type":"post","link":"https:\/\/acefootball.com\/da\/fodboldnyheder\/officielt-empoli-sender-mraz-til-polsk-fodbold\/","title":{"rendered":"Officielt: Empoli sender Mraz til polsk fodbold"},"content":{"rendered":"\n<h2>Empoli har netop meddelt, at man har udlejet den tidligere Br\u00f8ndby-angriber Samuel Mraz til polske Zaglebie Lubin<\/h2>\n\n\n\n<p>I sidste s\u00e6son havde Br\u00f8ndby IF forn\u00f8jelsen af Samuel Mraz, som man havde hentet p\u00e5 en lejeaftale hos italienske Empoli.<\/p>\n\n\n\n<p>Efter en nogenlunde s\u00e6son hos de bl\u00e5gule var der snak om en mulig forl\u00e6ngelse af lejeaftalen til den kommende s\u00e6son, men det er nu definitivt udelukket.<\/p>\n\n\n\n<p>Empoli meddeleler nemlig p\u00e5 Twitter, at Mraz skal spille n\u00e6ste s\u00e6son i den polske Ekstraklasa-klub Zaglebie Lubin.<\/p>\n\n\n\n<figure class=\"wp-block-embed-twitter wp-block-embed is-type-rich is-provider-twitter\"><div class=\"wp-block-embed__wrapper\">\n<blockquote class=\"twitter-tweet\" data-width=\"550\" data-dnt=\"true\"><p lang=\"it\" dir=\"ltr\">L&#39;Empoli FC comunica di aver raggiunto l\u2019accordo con lo <a href=\"https:\/\/twitter.com\/ZaglebieLubin?ref_src=twsrc%5Etfw\">@ZaglebieLubin<\/a> per la cessione a titolo temporaneo con diritto di riscatto delle prestazioni sportive del calciatore Samuel Mraz <a href=\"https:\/\/t.co\/joXuJGEZIk\">pic.twitter.com\/joXuJGEZIk<\/a><\/p>&mdash; Empoli Fc Official (@EmpoliCalcio) <a href=\"https:\/\/twitter.com\/EmpoliCalcio\/status\/1293916893431046146?ref_src=twsrc%5Etfw\">August 13, 2020<\/a><\/blockquote><script async src=\"https:\/\/platform.twitter.com\/widgets.js\" charset=\"utf-8\"><\/script>\n<\/div><\/figure>\n\n\n\n<p>Det blev i alt til 5 m\u00e5l i 24 kampe for Br\u00f8ndby.<\/p>\n","protected":false},"excerpt":{"rendered":"<p>Empoli har netop meddelt, at man har udlejet den tidligere Br\u00f8ndby-angriber Samuel Mraz til polske Zaglebie Lubin<\/p>\n","protected":false},"author":705,"featured_media":234068,"comment_status":"open","ping_status":"closed","sticky":false,"template":"","format":"standard","meta":{"om_disable_all_campaigns":false,"push_articles_ronaldo":{"active":false,"canonical":0,"publish":false},"force_updates":null},"categories":[7],"tags":[53,4254,7825,6995],"enet_tags":{"team":["8595","8534","8021"],"player":["534488"],"sport_events":[]},"yoast_head":"<!-- This site is optimized with the Yoast SEO plugin v18.3 - https:\/\/yoast.com\/wordpress\/plugins\/seo\/ -->\n<title>Officielt: Empoli sender Mraz til polsk fodbold<\/title>\n<meta name=\"description\" content=\"Empoli har netop meddelt, at man har udlejet den tidligere Br\u00f8ndby-angriber Samuel Mraz til polske Zaglebie Lubin\" \/>\n<meta name=\"robots\" content=\"index, follow, max-snippet:-1, max-image-preview:large, max-video-preview:-1\" \/>\n<link rel=\"canonical\" href=\"https:\/\/acefootball.com\/da\/fodboldnyheder\/officielt-empoli-sender-mraz-til-polsk-fodbold\/\" \/>\n<meta property=\"og:locale\" content=\"en_US\" \/>\n<meta property=\"og:type\" content=\"article\" \/>\n<meta property=\"og:title\" content=\"Officielt: Empoli sender Mraz til polsk fodbold\" \/>\n<meta property=\"og:description\" content=\"Empoli har netop meddelt, at man har udlejet den tidligere Br\u00f8ndby-angriber Samuel Mraz til polske Zaglebie Lubin\" \/>\n<meta property=\"og:url\" content=\"https:\/\/acefootball.com\/da\/fodboldnyheder\/officielt-empoli-sender-mraz-til-polsk-fodbold\/\" \/>\n<meta property=\"og:site_name\" content=\"Ace Football Danmark\" \/>\n<meta property=\"article:publisher\" content=\"https:\/\/www.facebook.com\/acefootballdk\" \/>\n<meta property=\"article:published_time\" content=\"2020-08-13T16:00:25+00:00\" \/>\n<meta property=\"article:modified_time\" content=\"2020-08-13T16:00:26+00:00\" \/>\n<meta property=\"og:image\" content=\"https:\/\/acefootball.com\/da\/wp-content\/uploads\/sites\/2\/2020\/08\/GettyImages-1204493666.jpg\" \/>\n\t<meta property=\"og:image:width\" content=\"1024\" \/>\n\t<meta property=\"og:image:height\" content=\"683\" \/>\n\t<meta property=\"og:image:type\" content=\"image\/jpeg\" \/>\n<meta name=\"twitter:card\" content=\"summary_large_image\" \/>\n<meta name=\"twitter:label1\" content=\"Written by\" \/>\n\t<meta name=\"twitter:data1\" content=\"Mads Dreyer\" \/>\n\t<meta name=\"twitter:label2\" content=\"Est. reading time\" \/>\n\t<meta name=\"twitter:data2\" content=\"1 minute\" \/>\n<script type=\"application\/ld+json\" class=\"yoast-schema-graph\">{\"@context\":\"https:\/\/schema.org\",\"@graph\":[{\"@type\":\"Organization\",\"@id\":\"https:\/\/acefootball.com\/da\/#organization\",\"name\":\"Ace Football\",\"url\":\"https:\/\/acefootball.com\/da\/\",\"sameAs\":[\"https:\/\/www.facebook.com\/acefootballdk\"],\"logo\":{\"@type\":\"ImageObject\",\"@id\":\"https:\/\/acefootball.com\/da\/#logo\",\"inLanguage\":\"en-US\",\"url\":\"https:\/\/acefootball.com\/da\/wp-content\/uploads\/sites\/2\/2020\/07\/Ace-Football-30-07-2020-2.png\",\"contentUrl\":\"https:\/\/acefootball.com\/da\/wp-content\/uploads\/sites\/2\/2020\/07\/Ace-Football-30-07-2020-2.png\",\"width\":1200,\"height\":600,\"caption\":\"Ace Football\"},\"image\":{\"@id\":\"https:\/\/acefootball.com\/da\/#logo\"}},{\"@type\":\"WebSite\",\"@id\":\"https:\/\/acefootball.com\/da\/#website\",\"url\":\"https:\/\/acefootball.com\/da\/\",\"name\":\"Ace Football Danmark\",\"description\":\"Nyheder, Spiltips &amp; Livescore\",\"publisher\":{\"@id\":\"https:\/\/acefootball.com\/da\/#organization\"},\"potentialAction\":[{\"@type\":\"SearchAction\",\"target\":{\"@type\":\"EntryPoint\",\"urlTemplate\":\"https:\/\/acefootball.com\/da\/?s={search_term_string}\"},\"query-input\":\"required name=search_term_string\"}],\"inLanguage\":\"en-US\"},{\"@type\":\"ImageObject\",\"@id\":\"https:\/\/acefootball.com\/da\/fodboldnyheder\/officielt-empoli-sender-mraz-til-polsk-fodbold\/#primaryimage\",\"inLanguage\":\"en-US\",\"url\":\"https:\/\/acefootball.com\/da\/wp-content\/uploads\/sites\/2\/2020\/08\/GettyImages-1204493666.jpg\",\"contentUrl\":\"https:\/\/acefootball.com\/da\/wp-content\/uploads\/sites\/2\/2020\/08\/GettyImages-1204493666.jpg\",\"width\":1024,\"height\":683,\"caption\":\"BRONDBY, DENMARK - MARCH 01: Samuel Mraz of Brondby IF in action during the Danish 3F Superliga match between Brondby IF and Lyngby BK at Brondby Stadion on March 01, 2020 in Brondby, Denmark. (Photo by Jan Christensen \/ FrontzoneSport via Getty Images)\"},{\"@type\":\"WebPage\",\"@id\":\"https:\/\/acefootball.com\/da\/fodboldnyheder\/officielt-empoli-sender-mraz-til-polsk-fodbold\/#webpage\",\"url\":\"https:\/\/acefootball.com\/da\/fodboldnyheder\/officielt-empoli-sender-mraz-til-polsk-fodbold\/\",\"name\":\"Officielt: Empoli sender Mraz til polsk fodbold\",\"isPartOf\":{\"@id\":\"https:\/\/acefootball.com\/da\/#website\"},\"primaryImageOfPage\":{\"@id\":\"https:\/\/acefootball.com\/da\/fodboldnyheder\/officielt-empoli-sender-mraz-til-polsk-fodbold\/#primaryimage\"},\"datePublished\":\"2020-08-13T16:00:25+00:00\",\"dateModified\":\"2020-08-13T16:00:26+00:00\",\"description\":\"Empoli har netop meddelt, at man har udlejet den tidligere Br\u00f8ndby-angriber Samuel Mraz til polske Zaglebie Lubin\",\"breadcrumb\":{\"@id\":\"https:\/\/acefootball.com\/da\/fodboldnyheder\/officielt-empoli-sender-mraz-til-polsk-fodbold\/#breadcrumb\"},\"inLanguage\":\"en-US\",\"potentialAction\":[{\"@type\":\"ReadAction\",\"target\":[\"https:\/\/acefootball.com\/da\/fodboldnyheder\/officielt-empoli-sender-mraz-til-polsk-fodbold\/\"]}]},{\"@type\":\"BreadcrumbList\",\"@id\":\"https:\/\/acefootball.com\/da\/fodboldnyheder\/officielt-empoli-sender-mraz-til-polsk-fodbold\/#breadcrumb\",\"itemListElement\":[{\"@type\":\"ListItem\",\"position\":1,\"name\":\"Home\",\"item\":\"https:\/\/acefootball.com\/da\/\"},{\"@type\":\"ListItem\",\"position\":2,\"name\":\"Officielt: Empoli sender Mraz til polsk fodbold\"}]},{\"@type\":\"Article\",\"@id\":\"https:\/\/acefootball.com\/da\/fodboldnyheder\/officielt-empoli-sender-mraz-til-polsk-fodbold\/#article\",\"isPartOf\":{\"@id\":\"https:\/\/acefootball.com\/da\/fodboldnyheder\/officielt-empoli-sender-mraz-til-polsk-fodbold\/#webpage\"},\"author\":{\"@id\":\"https:\/\/acefootball.com\/da\/#\/schema\/person\/ee67e9cf04a276f144100ffa722f10cd\"},\"headline\":\"Officielt: Empoli sender Mraz til polsk fodbold\",\"datePublished\":\"2020-08-13T16:00:25+00:00\",\"dateModified\":\"2020-08-13T16:00:26+00:00\",\"mainEntityOfPage\":{\"@id\":\"https:\/\/acefootball.com\/da\/fodboldnyheder\/officielt-empoli-sender-mraz-til-polsk-fodbold\/#webpage\"},\"wordCount\":114,\"commentCount\":0,\"publisher\":{\"@id\":\"https:\/\/acefootball.com\/da\/#organization\"},\"image\":{\"@id\":\"https:\/\/acefootball.com\/da\/fodboldnyheder\/officielt-empoli-sender-mraz-til-polsk-fodbold\/#primaryimage\"},\"thumbnailUrl\":\"https:\/\/acefootball.com\/da\/wp-content\/uploads\/sites\/2\/2020\/08\/GettyImages-1204493666.jpg\",\"keywords\":[\"Br\u00f8ndby IF\",\"Empoli\",\"Samuel Mraz\",\"Zaglebie Lubin\"],\"articleSection\":[\"Transfer\"],\"inLanguage\":\"en-US\",\"potentialAction\":[{\"@type\":\"CommentAction\",\"name\":\"Comment\",\"target\":[\"https:\/\/acefootball.com\/da\/fodboldnyheder\/officielt-empoli-sender-mraz-til-polsk-fodbold\/#respond\"]}]},{\"@type\":\"Person\",\"@id\":\"https:\/\/acefootball.com\/da\/#\/schema\/person\/ee67e9cf04a276f144100ffa722f10cd\",\"name\":\"Mads Dreyer\",\"image\":{\"@type\":\"ImageObject\",\"@id\":\"https:\/\/acefootball.com\/da\/#personlogo\",\"inLanguage\":\"en-US\",\"url\":\"https:\/\/secure.gravatar.com\/avatar\/7c7abf72cfde9902b6a60efe60c88d4c?s=96&d=mm&r=g\",\"contentUrl\":\"https:\/\/secure.gravatar.com\/avatar\/7c7abf72cfde9902b6a60efe60c88d4c?s=96&d=mm&r=g\",\"caption\":\"Mads Dreyer\"},\"description\":\"Skribent og fodboldn\u00f8rd, der lige nu fort\u00e6ller om alt og intet i fodboldverdenen p\u00e5 acefootball.com. Uddannet i kommunikation fra Aalborg Universitet.\",\"sameAs\":[\"https:\/\/www.linkedin.com\/in\/mads-dreyer-b9b08266\/\"],\"url\":\"https:\/\/acefootball.com\/da\/fodboldnyheder\/author\/mdnronaldo\/\"}]}<\/script>\n<!-- \/ Yoast SEO plugin. -->","yoast_head_json":{"title":"Officielt: Empoli sender Mraz til polsk fodbold","description":"Empoli har netop meddelt, at man har udlejet den tidligere Br\u00f8ndby-angriber Samuel Mraz til polske Zaglebie Lubin","robots":{"index":"index","follow":"follow","max-snippet":"max-snippet:-1","max-image-preview":"max-image-preview:large","max-video-preview":"max-video-preview:-1"},"canonical":"https:\/\/acefootball.com\/da\/fodboldnyheder\/officielt-empoli-sender-mraz-til-polsk-fodbold\/","og_locale":"en_US","og_type":"article","og_title":"Officielt: Empoli sender Mraz til polsk fodbold","og_description":"Empoli har netop meddelt, at man har udlejet den tidligere Br\u00f8ndby-angriber Samuel Mraz til polske Zaglebie Lubin","og_url":"https:\/\/acefootball.com\/da\/fodboldnyheder\/officielt-empoli-sender-mraz-til-polsk-fodbold\/","og_site_name":"Ace Football Danmark","article_publisher":"https:\/\/www.facebook.com\/acefootballdk","article_published_time":"2020-08-13T16:00:25+00:00","article_modified_time":"2020-08-13T16:00:26+00:00","og_image":[{"width":1024,"height":683,"url":"https:\/\/acefootball.com\/da\/wp-content\/uploads\/sites\/2\/2020\/08\/GettyImages-1204493666.jpg","type":"image\/jpeg"}],"twitter_card":"summary_large_image","twitter_misc":{"Written by":"Mads Dreyer","Est. reading time":"1 minute"},"schema":{"@context":"https:\/\/schema.org","@graph":[{"@type":"Organization","@id":"https:\/\/acefootball.com\/da\/#organization","name":"Ace Football","url":"https:\/\/acefootball.com\/da\/","sameAs":["https:\/\/www.facebook.com\/acefootballdk"],"logo":{"@type":"ImageObject","@id":"https:\/\/acefootball.com\/da\/#logo","inLanguage":"en-US","url":"https:\/\/acefootball.com\/da\/wp-content\/uploads\/sites\/2\/2020\/07\/Ace-Football-30-07-2020-2.png","contentUrl":"https:\/\/acefootball.com\/da\/wp-content\/uploads\/sites\/2\/2020\/07\/Ace-Football-30-07-2020-2.png","width":1200,"height":600,"caption":"Ace Football"},"image":{"@id":"https:\/\/acefootball.com\/da\/#logo"}},{"@type":"WebSite","@id":"https:\/\/acefootball.com\/da\/#website","url":"https:\/\/acefootball.com\/da\/","name":"Ace Football Danmark","description":"Nyheder, Spiltips &amp; Livescore","publisher":{"@id":"https:\/\/acefootball.com\/da\/#organization"},"potentialAction":[{"@type":"SearchAction","target":{"@type":"EntryPoint","urlTemplate":"https:\/\/acefootball.com\/da\/?s={search_term_string}"},"query-input":"required name=search_term_string"}],"inLanguage":"en-US"},{"@type":"ImageObject","@id":"https:\/\/acefootball.com\/da\/fodboldnyheder\/officielt-empoli-sender-mraz-til-polsk-fodbold\/#primaryimage","inLanguage":"en-US","url":"https:\/\/acefootball.com\/da\/wp-content\/uploads\/sites\/2\/2020\/08\/GettyImages-1204493666.jpg","contentUrl":"https:\/\/acefootball.com\/da\/wp-content\/uploads\/sites\/2\/2020\/08\/GettyImages-1204493666.jpg","width":1024,"height":683,"caption":"BRONDBY, DENMARK - MARCH 01: Samuel Mraz of Brondby IF in action during the Danish 3F Superliga match between Brondby IF and Lyngby BK at Brondby Stadion on March 01, 2020 in Brondby, Denmark. (Photo by Jan Christensen \/ FrontzoneSport via Getty Images)"},{"@type":"WebPage","@id":"https:\/\/acefootball.com\/da\/fodboldnyheder\/officielt-empoli-sender-mraz-til-polsk-fodbold\/#webpage","url":"https:\/\/acefootball.com\/da\/fodboldnyheder\/officielt-empoli-sender-mraz-til-polsk-fodbold\/","name":"Officielt: Empoli sender Mraz til polsk fodbold","isPartOf":{"@id":"https:\/\/acefootball.com\/da\/#website"},"primaryImageOfPage":{"@id":"https:\/\/acefootball.com\/da\/fodboldnyheder\/officielt-empoli-sender-mraz-til-polsk-fodbold\/#primaryimage"},"datePublished":"2020-08-13T16:00:25+00:00","dateModified":"2020-08-13T16:00:26+00:00","description":"Empoli har netop meddelt, at man har udlejet den tidligere Br\u00f8ndby-angriber Samuel Mraz til polske Zaglebie Lubin","breadcrumb":{"@id":"https:\/\/acefootball.com\/da\/fodboldnyheder\/officielt-empoli-sender-mraz-til-polsk-fodbold\/#breadcrumb"},"inLanguage":"en-US","potentialAction":[{"@type":"ReadAction","target":["https:\/\/acefootball.com\/da\/fodboldnyheder\/officielt-empoli-sender-mraz-til-polsk-fodbold\/"]}]},{"@type":"BreadcrumbList","@id":"https:\/\/acefootball.com\/da\/fodboldnyheder\/officielt-empoli-sender-mraz-til-polsk-fodbold\/#breadcrumb","itemListElement":[{"@type":"ListItem","position":1,"name":"Home","item":"https:\/\/acefootball.com\/da\/"},{"@type":"ListItem","position":2,"name":"Officielt: Empoli sender Mraz til polsk fodbold"}]},{"@type":"Article","@id":"https:\/\/acefootball.com\/da\/fodboldnyheder\/officielt-empoli-sender-mraz-til-polsk-fodbold\/#article","isPartOf":{"@id":"https:\/\/acefootball.com\/da\/fodboldnyheder\/officielt-empoli-sender-mraz-til-polsk-fodbold\/#webpage"},"author":{"@id":"https:\/\/acefootball.com\/da\/#\/schema\/person\/ee67e9cf04a276f144100ffa722f10cd"},"headline":"Officielt: Empoli sender Mraz til polsk fodbold","datePublished":"2020-08-13T16:00:25+00:00","dateModified":"2020-08-13T16:00:26+00:00","mainEntityOfPage":{"@id":"https:\/\/acefootball.com\/da\/fodboldnyheder\/officielt-empoli-sender-mraz-til-polsk-fodbold\/#webpage"},"wordCount":114,"commentCount":0,"publisher":{"@id":"https:\/\/acefootball.com\/da\/#organization"},"image":{"@id":"https:\/\/acefootball.com\/da\/fodboldnyheder\/officielt-empoli-sender-mraz-til-polsk-fodbold\/#primaryimage"},"thumbnailUrl":"https:\/\/acefootball.com\/da\/wp-content\/uploads\/sites\/2\/2020\/08\/GettyImages-1204493666.jpg","keywords":["Br\u00f8ndby IF","Empoli","Samuel Mraz","Zaglebie Lubin"],"articleSection":["Transfer"],"inLanguage":"en-US","potentialAction":[{"@type":"CommentAction","name":"Comment","target":["https:\/\/acefootball.com\/da\/fodboldnyheder\/officielt-empoli-sender-mraz-til-polsk-fodbold\/#respond"]}]},{"@type":"Person","@id":"https:\/\/acefootball.com\/da\/#\/schema\/person\/ee67e9cf04a276f144100ffa722f10cd","name":"Mads Dreyer","image":{"@type":"ImageObject","@id":"https:\/\/acefootball.com\/da\/#personlogo","inLanguage":"en-US","url":"https:\/\/secure.gravatar.com\/avatar\/7c7abf72cfde9902b6a60efe60c88d4c?s=96&d=mm&r=g","contentUrl":"https:\/\/secure.gravatar.com\/avatar\/7c7abf72cfde9902b6a60efe60c88d4c?s=96&d=mm&r=g","caption":"Mads Dreyer"},"description":"Skribent og fodboldn\u00f8rd, der lige nu fort\u00e6ller om alt og intet i fodboldverdenen p\u00e5 acefootball.com. Uddannet i kommunikation fra Aalborg Universitet.","sameAs":["https:\/\/www.linkedin.com\/in\/mads-dreyer-b9b08266\/"],"url":"https:\/\/acefootball.com\/da\/fodboldnyheder\/author\/mdnronaldo\/"}]}},"fimg_url":"https:\/\/acefootball.com\/da\/wp-content\/uploads\/sites\/2\/2020\/08\/GettyImages-1204493666.jpg","_links":{"self":[{"href":"https:\/\/acefootball.com\/da\/wp-json\/wp\/v2\/posts\/234066"}],"collection":[{"href":"https:\/\/acefootball.com\/da\/wp-json\/wp\/v2\/posts"}],"about":[{"href":"https:\/\/acefootball.com\/da\/wp-json\/wp\/v2\/types\/post"}],"author":[{"embeddable":true,"href":"https:\/\/acefootball.com\/da\/wp-json\/wp\/v2\/users\/705"}],"replies":[{"embeddable":true,"href":"https:\/\/acefootball.com\/da\/wp-json\/wp\/v2\/comments?post=234066"}],"version-history":[{"count":0,"href":"https:\/\/acefootball.com\/da\/wp-json\/wp\/v2\/posts\/234066\/revisions"}],"wp:featuredmedia":[{"embeddable":true,"href":"https:\/\/acefootball.com\/da\/wp-json\/wp\/v2\/media\/234068"}],"wp:attachment":[{"href":"https:\/\/acefootball.com\/da\/wp-json\/wp\/v2\/media?parent=234066"}],"wp:term":[{"taxonomy":"category","embeddable":true,"href":"https:\/\/acefootball.com\/da\/wp-json\/wp\/v2\/categories?post=234066"},{"taxonomy":"post_tag","embeddable":true,"href":"https:\/\/acefootball.com\/da\/wp-json\/wp\/v2\/tags?post=234066"}],"curies":[{"name":"wp","href":"https:\/\/api.w.org\/{rel}","templated":true}]}}