{"id":234063,"date":"2020-08-13T17:57:01","date_gmt":"2020-08-13T15:57:01","guid":{"rendered":"https:\/\/acefootball.com\/da\/?p=234063"},"modified":"2020-08-13T17:45:22","modified_gmt":"2020-08-13T15:45:22","slug":"hobro-har-pjaekkende-hollaender-til-proevetraening","status":"publish","type":"post","link":"https:\/\/acefootball.com\/da\/fodboldnyheder\/hobro-har-pjaekkende-hollaender-til-proevetraening\/","title":{"rendered":"Hobro har pj\u00e6kkende holl\u00e6nder til pr\u00f8vetr\u00e6ning"},"content":{"rendered":"\n<h2>Hobro IK har lige nu bes\u00f8g af angriberen Jordie van der Laan, som sidste \u00e5r blev fyret i Telstar p\u00e5 grund af en Champions League-kamp<\/h2>\n\n\n\n<p>Efter nedrykningen fra Superligaen har Hobro IK sagt farvel til flere spillere fra f\u00f8rsteholdstruppen, men nu er det m\u00e5ske tid til at f\u00e5 nyt blod ind.<\/p>\n\n\n\n<p>I hvert fald har nordjyderne en mulig ny angriber til pr\u00f8vetr\u00e6ning, i form af hollandske Jordie van der Laan. Det fort\u00e6ller spilleren selv til mediet <a href=\"https:\/\/www.voetbal247.nl\/deense-hobro-ik-test-aanvaller-van-der-laan-ex-aswh-kozakken-boys\/\" target=\"_blank\" rel=\"noreferrer noopener\">Voetball247<\/a>.<\/p>\n\n\n\n<p>Mediet skriver derudover, at van der Laan skal tr\u00e6ne med i Hobro i lidt over en uge, hvor parterne f\u00e5r tid til at se hinanden an.<\/p>\n\n\n\n<figure class=\"wp-block-embed-wordpress wp-block-embed is-type-wp-embed is-provider-ace-football-danmark\"><div class=\"wp-block-embed__wrapper\">\n<blockquote class=\"wp-embedded-content\" data-secret=\"llbheyOrdM\"><a href=\"https:\/\/acefootball.com\/da\/fodboldnyheder\/medie-aab-taet-paa-portugisisk-midtbanemand\/\">Medie: AaB t\u00e6t p\u00e5 portugisisk midtbanemand<\/a><\/blockquote><iframe class=\"wp-embedded-content\" sandbox=\"allow-scripts\" security=\"restricted\" style=\"position: absolute; clip: rect(1px, 1px, 1px, 1px);\" title=\"&#8220;Medie: AaB t\u00e6t p\u00e5 portugisisk midtbanemand&#8221; &#8212; Ace Football Danmark\" src=\"https:\/\/acefootball.com\/da\/fodboldnyheder\/medie-aab-taet-paa-portugisisk-midtbanemand\/embed\/#?secret=llbheyOrdM\" data-secret=\"llbheyOrdM\" width=\"600\" height=\"338\" frameborder=\"0\" marginwidth=\"0\" marginheight=\"0\" scrolling=\"no\"><\/iframe>\n<\/div><\/figure>\n\n\n\n<p>26-\u00e5rige Jordie van der Laan har senest v\u00e6ret p\u00e5 kontrakt i Kozakken Boys fra den tredjebedste r\u00e6kke i Holland, hvorfra han var udlejet til ASWH i for\u00e5ret. Det blev i alt til to m\u00e5l i 18 kampe.<\/p>\n\n\n\n<p>Inden da t\u00f8rnede angriberen ud for Telstar, hvor han sidste \u00e5r blev fyret for at udeblive fra tr\u00e6ning. Begrundelsen var, at han var blevet syg, men i stedet var turen g\u00e5et til Ajax&#8217; semifinalekamp i Champions League mod Tottenham, hvilket klubben ikke ville finde sig i.<\/p>\n","protected":false},"excerpt":{"rendered":"<p>Hobro IK har lige nu bes\u00f8g af angriberen Jordie van der Laan, som sidste \u00e5r blev fyret i Telstar p\u00e5 grund af en Champions League-kamp<\/p>\n","protected":false},"author":705,"featured_media":234065,"comment_status":"open","ping_status":"closed","sticky":false,"template":"","format":"standard","meta":{"om_disable_all_campaigns":false,"push_articles_ronaldo":{"active":false,"canonical":0,"publish":false},"force_updates":null},"categories":[1],"tags":[750,149],"enet_tags":{"league":["862329"],"team":["9950"],"sport_events":[]},"yoast_head":"<!-- This site is optimized with the Yoast SEO plugin v18.3 - https:\/\/yoast.com\/wordpress\/plugins\/seo\/ -->\n<title>Hobro har pj\u00e6kkende holl\u00e6nder til pr\u00f8vetr\u00e6ning<\/title>\n<meta name=\"description\" content=\"Hobro IK har lige nu bes\u00f8g af angriberen Jordie van der Laan, som sidste \u00e5r blev fyret i Telstar p\u00e5 grund af en Champions League-kamp\" \/>\n<meta name=\"robots\" content=\"index, follow, max-snippet:-1, max-image-preview:large, max-video-preview:-1\" \/>\n<link rel=\"canonical\" href=\"https:\/\/acefootball.com\/da\/fodboldnyheder\/hobro-har-pjaekkende-hollaender-til-proevetraening\/\" \/>\n<meta property=\"og:locale\" content=\"en_US\" \/>\n<meta property=\"og:type\" content=\"article\" \/>\n<meta property=\"og:title\" content=\"Hobro har pj\u00e6kkende holl\u00e6nder til pr\u00f8vetr\u00e6ning\" \/>\n<meta property=\"og:description\" content=\"Hobro IK har lige nu bes\u00f8g af angriberen Jordie van der Laan, som sidste \u00e5r blev fyret i Telstar p\u00e5 grund af en Champions League-kamp\" \/>\n<meta property=\"og:url\" content=\"https:\/\/acefootball.com\/da\/fodboldnyheder\/hobro-har-pjaekkende-hollaender-til-proevetraening\/\" \/>\n<meta property=\"og:site_name\" content=\"Ace Football Danmark\" \/>\n<meta property=\"article:publisher\" content=\"https:\/\/www.facebook.com\/acefootballdk\" \/>\n<meta property=\"article:published_time\" content=\"2020-08-13T15:57:01+00:00\" \/>\n<meta property=\"article:modified_time\" content=\"2020-08-13T15:45:22+00:00\" \/>\n<meta property=\"og:image\" content=\"https:\/\/acefootball.com\/da\/wp-content\/uploads\/sites\/2\/2020\/08\/GettyImages-1221657393.jpg\" \/>\n\t<meta property=\"og:image:width\" content=\"1024\" \/>\n\t<meta property=\"og:image:height\" content=\"682\" \/>\n\t<meta property=\"og:image:type\" content=\"image\/jpeg\" \/>\n<meta name=\"twitter:card\" content=\"summary_large_image\" \/>\n<meta name=\"twitter:label1\" content=\"Written by\" \/>\n\t<meta name=\"twitter:data1\" content=\"Mads Dreyer\" \/>\n\t<meta name=\"twitter:label2\" content=\"Est. reading time\" \/>\n\t<meta name=\"twitter:data2\" content=\"1 minute\" \/>\n<script type=\"application\/ld+json\" class=\"yoast-schema-graph\">{\"@context\":\"https:\/\/schema.org\",\"@graph\":[{\"@type\":\"Organization\",\"@id\":\"https:\/\/acefootball.com\/da\/#organization\",\"name\":\"Ace Football\",\"url\":\"https:\/\/acefootball.com\/da\/\",\"sameAs\":[\"https:\/\/www.facebook.com\/acefootballdk\"],\"logo\":{\"@type\":\"ImageObject\",\"@id\":\"https:\/\/acefootball.com\/da\/#logo\",\"inLanguage\":\"en-US\",\"url\":\"https:\/\/acefootball.com\/da\/wp-content\/uploads\/sites\/2\/2020\/07\/Ace-Football-30-07-2020-2.png\",\"contentUrl\":\"https:\/\/acefootball.com\/da\/wp-content\/uploads\/sites\/2\/2020\/07\/Ace-Football-30-07-2020-2.png\",\"width\":1200,\"height\":600,\"caption\":\"Ace Football\"},\"image\":{\"@id\":\"https:\/\/acefootball.com\/da\/#logo\"}},{\"@type\":\"WebSite\",\"@id\":\"https:\/\/acefootball.com\/da\/#website\",\"url\":\"https:\/\/acefootball.com\/da\/\",\"name\":\"Ace Football Danmark\",\"description\":\"Nyheder, Spiltips &amp; Livescore\",\"publisher\":{\"@id\":\"https:\/\/acefootball.com\/da\/#organization\"},\"potentialAction\":[{\"@type\":\"SearchAction\",\"target\":{\"@type\":\"EntryPoint\",\"urlTemplate\":\"https:\/\/acefootball.com\/da\/?s={search_term_string}\"},\"query-input\":\"required name=search_term_string\"}],\"inLanguage\":\"en-US\"},{\"@type\":\"ImageObject\",\"@id\":\"https:\/\/acefootball.com\/da\/fodboldnyheder\/hobro-har-pjaekkende-hollaender-til-proevetraening\/#primaryimage\",\"inLanguage\":\"en-US\",\"url\":\"https:\/\/acefootball.com\/da\/wp-content\/uploads\/sites\/2\/2020\/08\/GettyImages-1221657393.jpg\",\"contentUrl\":\"https:\/\/acefootball.com\/da\/wp-content\/uploads\/sites\/2\/2020\/08\/GettyImages-1221657393.jpg\",\"width\":1024,\"height\":682,\"caption\":\"ESBJERG, DENMARK - JUNE 21: (L to R) Brandon Onkony of Hobro IK, Mikkel Pedersen of Hobro IK and Jonas Brix-Damborg of Hobro IK celebrating after the Danish 3F Superliga match between Esbjerg fB and Hobro IK at Blue Water Arena on June 21, 2020 in Esbjerg, Denmark. (Photo by Jan Christensen \/ FrontzoneSport via Getty Images)\"},{\"@type\":\"WebPage\",\"@id\":\"https:\/\/acefootball.com\/da\/fodboldnyheder\/hobro-har-pjaekkende-hollaender-til-proevetraening\/#webpage\",\"url\":\"https:\/\/acefootball.com\/da\/fodboldnyheder\/hobro-har-pjaekkende-hollaender-til-proevetraening\/\",\"name\":\"Hobro har pj\u00e6kkende holl\u00e6nder til pr\u00f8vetr\u00e6ning\",\"isPartOf\":{\"@id\":\"https:\/\/acefootball.com\/da\/#website\"},\"primaryImageOfPage\":{\"@id\":\"https:\/\/acefootball.com\/da\/fodboldnyheder\/hobro-har-pjaekkende-hollaender-til-proevetraening\/#primaryimage\"},\"datePublished\":\"2020-08-13T15:57:01+00:00\",\"dateModified\":\"2020-08-13T15:45:22+00:00\",\"description\":\"Hobro IK har lige nu bes\u00f8g af angriberen Jordie van der Laan, som sidste \u00e5r blev fyret i Telstar p\u00e5 grund af en Champions League-kamp\",\"breadcrumb\":{\"@id\":\"https:\/\/acefootball.com\/da\/fodboldnyheder\/hobro-har-pjaekkende-hollaender-til-proevetraening\/#breadcrumb\"},\"inLanguage\":\"en-US\",\"potentialAction\":[{\"@type\":\"ReadAction\",\"target\":[\"https:\/\/acefootball.com\/da\/fodboldnyheder\/hobro-har-pjaekkende-hollaender-til-proevetraening\/\"]}]},{\"@type\":\"BreadcrumbList\",\"@id\":\"https:\/\/acefootball.com\/da\/fodboldnyheder\/hobro-har-pjaekkende-hollaender-til-proevetraening\/#breadcrumb\",\"itemListElement\":[{\"@type\":\"ListItem\",\"position\":1,\"name\":\"Home\",\"item\":\"https:\/\/acefootball.com\/da\/\"},{\"@type\":\"ListItem\",\"position\":2,\"name\":\"Hobro har pj\u00e6kkende holl\u00e6nder til pr\u00f8vetr\u00e6ning\"}]},{\"@type\":\"Article\",\"@id\":\"https:\/\/acefootball.com\/da\/fodboldnyheder\/hobro-har-pjaekkende-hollaender-til-proevetraening\/#article\",\"isPartOf\":{\"@id\":\"https:\/\/acefootball.com\/da\/fodboldnyheder\/hobro-har-pjaekkende-hollaender-til-proevetraening\/#webpage\"},\"author\":{\"@id\":\"https:\/\/acefootball.com\/da\/#\/schema\/person\/ee67e9cf04a276f144100ffa722f10cd\"},\"headline\":\"Hobro har pj\u00e6kkende holl\u00e6nder til pr\u00f8vetr\u00e6ning\",\"datePublished\":\"2020-08-13T15:57:01+00:00\",\"dateModified\":\"2020-08-13T15:45:22+00:00\",\"mainEntityOfPage\":{\"@id\":\"https:\/\/acefootball.com\/da\/fodboldnyheder\/hobro-har-pjaekkende-hollaender-til-proevetraening\/#webpage\"},\"wordCount\":217,\"commentCount\":0,\"publisher\":{\"@id\":\"https:\/\/acefootball.com\/da\/#organization\"},\"image\":{\"@id\":\"https:\/\/acefootball.com\/da\/fodboldnyheder\/hobro-har-pjaekkende-hollaender-til-proevetraening\/#primaryimage\"},\"thumbnailUrl\":\"https:\/\/acefootball.com\/da\/wp-content\/uploads\/sites\/2\/2020\/08\/GettyImages-1221657393.jpg\",\"keywords\":[\"1. Division\",\"Hobro IK\"],\"articleSection\":[\"Nyhed\"],\"inLanguage\":\"en-US\",\"potentialAction\":[{\"@type\":\"CommentAction\",\"name\":\"Comment\",\"target\":[\"https:\/\/acefootball.com\/da\/fodboldnyheder\/hobro-har-pjaekkende-hollaender-til-proevetraening\/#respond\"]}]},{\"@type\":\"Person\",\"@id\":\"https:\/\/acefootball.com\/da\/#\/schema\/person\/ee67e9cf04a276f144100ffa722f10cd\",\"name\":\"Mads Dreyer\",\"image\":{\"@type\":\"ImageObject\",\"@id\":\"https:\/\/acefootball.com\/da\/#personlogo\",\"inLanguage\":\"en-US\",\"url\":\"https:\/\/secure.gravatar.com\/avatar\/7c7abf72cfde9902b6a60efe60c88d4c?s=96&d=mm&r=g\",\"contentUrl\":\"https:\/\/secure.gravatar.com\/avatar\/7c7abf72cfde9902b6a60efe60c88d4c?s=96&d=mm&r=g\",\"caption\":\"Mads Dreyer\"},\"description\":\"Skribent og fodboldn\u00f8rd, der lige nu fort\u00e6ller om alt og intet i fodboldverdenen p\u00e5 acefootball.com. Uddannet i kommunikation fra Aalborg Universitet.\",\"sameAs\":[\"https:\/\/www.linkedin.com\/in\/mads-dreyer-b9b08266\/\"],\"url\":\"https:\/\/acefootball.com\/da\/fodboldnyheder\/author\/mdnronaldo\/\"}]}<\/script>\n<!-- \/ Yoast SEO plugin. -->","yoast_head_json":{"title":"Hobro har pj\u00e6kkende holl\u00e6nder til pr\u00f8vetr\u00e6ning","description":"Hobro IK har lige nu bes\u00f8g af angriberen Jordie van der Laan, som sidste \u00e5r blev fyret i Telstar p\u00e5 grund af en Champions League-kamp","robots":{"index":"index","follow":"follow","max-snippet":"max-snippet:-1","max-image-preview":"max-image-preview:large","max-video-preview":"max-video-preview:-1"},"canonical":"https:\/\/acefootball.com\/da\/fodboldnyheder\/hobro-har-pjaekkende-hollaender-til-proevetraening\/","og_locale":"en_US","og_type":"article","og_title":"Hobro har pj\u00e6kkende holl\u00e6nder til pr\u00f8vetr\u00e6ning","og_description":"Hobro IK har lige nu bes\u00f8g af angriberen Jordie van der Laan, som sidste \u00e5r blev fyret i Telstar p\u00e5 grund af en Champions League-kamp","og_url":"https:\/\/acefootball.com\/da\/fodboldnyheder\/hobro-har-pjaekkende-hollaender-til-proevetraening\/","og_site_name":"Ace Football Danmark","article_publisher":"https:\/\/www.facebook.com\/acefootballdk","article_published_time":"2020-08-13T15:57:01+00:00","article_modified_time":"2020-08-13T15:45:22+00:00","og_image":[{"width":1024,"height":682,"url":"https:\/\/acefootball.com\/da\/wp-content\/uploads\/sites\/2\/2020\/08\/GettyImages-1221657393.jpg","type":"image\/jpeg"}],"twitter_card":"summary_large_image","twitter_misc":{"Written by":"Mads Dreyer","Est. reading time":"1 minute"},"schema":{"@context":"https:\/\/schema.org","@graph":[{"@type":"Organization","@id":"https:\/\/acefootball.com\/da\/#organization","name":"Ace Football","url":"https:\/\/acefootball.com\/da\/","sameAs":["https:\/\/www.facebook.com\/acefootballdk"],"logo":{"@type":"ImageObject","@id":"https:\/\/acefootball.com\/da\/#logo","inLanguage":"en-US","url":"https:\/\/acefootball.com\/da\/wp-content\/uploads\/sites\/2\/2020\/07\/Ace-Football-30-07-2020-2.png","contentUrl":"https:\/\/acefootball.com\/da\/wp-content\/uploads\/sites\/2\/2020\/07\/Ace-Football-30-07-2020-2.png","width":1200,"height":600,"caption":"Ace Football"},"image":{"@id":"https:\/\/acefootball.com\/da\/#logo"}},{"@type":"WebSite","@id":"https:\/\/acefootball.com\/da\/#website","url":"https:\/\/acefootball.com\/da\/","name":"Ace Football Danmark","description":"Nyheder, Spiltips &amp; Livescore","publisher":{"@id":"https:\/\/acefootball.com\/da\/#organization"},"potentialAction":[{"@type":"SearchAction","target":{"@type":"EntryPoint","urlTemplate":"https:\/\/acefootball.com\/da\/?s={search_term_string}"},"query-input":"required name=search_term_string"}],"inLanguage":"en-US"},{"@type":"ImageObject","@id":"https:\/\/acefootball.com\/da\/fodboldnyheder\/hobro-har-pjaekkende-hollaender-til-proevetraening\/#primaryimage","inLanguage":"en-US","url":"https:\/\/acefootball.com\/da\/wp-content\/uploads\/sites\/2\/2020\/08\/GettyImages-1221657393.jpg","contentUrl":"https:\/\/acefootball.com\/da\/wp-content\/uploads\/sites\/2\/2020\/08\/GettyImages-1221657393.jpg","width":1024,"height":682,"caption":"ESBJERG, DENMARK - JUNE 21: (L to R) Brandon Onkony of Hobro IK, Mikkel Pedersen of Hobro IK and Jonas Brix-Damborg of Hobro IK celebrating after the Danish 3F Superliga match between Esbjerg fB and Hobro IK at Blue Water Arena on June 21, 2020 in Esbjerg, Denmark. (Photo by Jan Christensen \/ FrontzoneSport via Getty Images)"},{"@type":"WebPage","@id":"https:\/\/acefootball.com\/da\/fodboldnyheder\/hobro-har-pjaekkende-hollaender-til-proevetraening\/#webpage","url":"https:\/\/acefootball.com\/da\/fodboldnyheder\/hobro-har-pjaekkende-hollaender-til-proevetraening\/","name":"Hobro har pj\u00e6kkende holl\u00e6nder til pr\u00f8vetr\u00e6ning","isPartOf":{"@id":"https:\/\/acefootball.com\/da\/#website"},"primaryImageOfPage":{"@id":"https:\/\/acefootball.com\/da\/fodboldnyheder\/hobro-har-pjaekkende-hollaender-til-proevetraening\/#primaryimage"},"datePublished":"2020-08-13T15:57:01+00:00","dateModified":"2020-08-13T15:45:22+00:00","description":"Hobro IK har lige nu bes\u00f8g af angriberen Jordie van der Laan, som sidste \u00e5r blev fyret i Telstar p\u00e5 grund af en Champions League-kamp","breadcrumb":{"@id":"https:\/\/acefootball.com\/da\/fodboldnyheder\/hobro-har-pjaekkende-hollaender-til-proevetraening\/#breadcrumb"},"inLanguage":"en-US","potentialAction":[{"@type":"ReadAction","target":["https:\/\/acefootball.com\/da\/fodboldnyheder\/hobro-har-pjaekkende-hollaender-til-proevetraening\/"]}]},{"@type":"BreadcrumbList","@id":"https:\/\/acefootball.com\/da\/fodboldnyheder\/hobro-har-pjaekkende-hollaender-til-proevetraening\/#breadcrumb","itemListElement":[{"@type":"ListItem","position":1,"name":"Home","item":"https:\/\/acefootball.com\/da\/"},{"@type":"ListItem","position":2,"name":"Hobro har pj\u00e6kkende holl\u00e6nder til pr\u00f8vetr\u00e6ning"}]},{"@type":"Article","@id":"https:\/\/acefootball.com\/da\/fodboldnyheder\/hobro-har-pjaekkende-hollaender-til-proevetraening\/#article","isPartOf":{"@id":"https:\/\/acefootball.com\/da\/fodboldnyheder\/hobro-har-pjaekkende-hollaender-til-proevetraening\/#webpage"},"author":{"@id":"https:\/\/acefootball.com\/da\/#\/schema\/person\/ee67e9cf04a276f144100ffa722f10cd"},"headline":"Hobro har pj\u00e6kkende holl\u00e6nder til pr\u00f8vetr\u00e6ning","datePublished":"2020-08-13T15:57:01+00:00","dateModified":"2020-08-13T15:45:22+00:00","mainEntityOfPage":{"@id":"https:\/\/acefootball.com\/da\/fodboldnyheder\/hobro-har-pjaekkende-hollaender-til-proevetraening\/#webpage"},"wordCount":217,"commentCount":0,"publisher":{"@id":"https:\/\/acefootball.com\/da\/#organization"},"image":{"@id":"https:\/\/acefootball.com\/da\/fodboldnyheder\/hobro-har-pjaekkende-hollaender-til-proevetraening\/#primaryimage"},"thumbnailUrl":"https:\/\/acefootball.com\/da\/wp-content\/uploads\/sites\/2\/2020\/08\/GettyImages-1221657393.jpg","keywords":["1. Division","Hobro IK"],"articleSection":["Nyhed"],"inLanguage":"en-US","potentialAction":[{"@type":"CommentAction","name":"Comment","target":["https:\/\/acefootball.com\/da\/fodboldnyheder\/hobro-har-pjaekkende-hollaender-til-proevetraening\/#respond"]}]},{"@type":"Person","@id":"https:\/\/acefootball.com\/da\/#\/schema\/person\/ee67e9cf04a276f144100ffa722f10cd","name":"Mads Dreyer","image":{"@type":"ImageObject","@id":"https:\/\/acefootball.com\/da\/#personlogo","inLanguage":"en-US","url":"https:\/\/secure.gravatar.com\/avatar\/7c7abf72cfde9902b6a60efe60c88d4c?s=96&d=mm&r=g","contentUrl":"https:\/\/secure.gravatar.com\/avatar\/7c7abf72cfde9902b6a60efe60c88d4c?s=96&d=mm&r=g","caption":"Mads Dreyer"},"description":"Skribent og fodboldn\u00f8rd, der lige nu fort\u00e6ller om alt og intet i fodboldverdenen p\u00e5 acefootball.com. Uddannet i kommunikation fra Aalborg Universitet.","sameAs":["https:\/\/www.linkedin.com\/in\/mads-dreyer-b9b08266\/"],"url":"https:\/\/acefootball.com\/da\/fodboldnyheder\/author\/mdnronaldo\/"}]}},"fimg_url":"https:\/\/acefootball.com\/da\/wp-content\/uploads\/sites\/2\/2020\/08\/GettyImages-1221657393.jpg","_links":{"self":[{"href":"https:\/\/acefootball.com\/da\/wp-json\/wp\/v2\/posts\/234063"}],"collection":[{"href":"https:\/\/acefootball.com\/da\/wp-json\/wp\/v2\/posts"}],"about":[{"href":"https:\/\/acefootball.com\/da\/wp-json\/wp\/v2\/types\/post"}],"author":[{"embeddable":true,"href":"https:\/\/acefootball.com\/da\/wp-json\/wp\/v2\/users\/705"}],"replies":[{"embeddable":true,"href":"https:\/\/acefootball.com\/da\/wp-json\/wp\/v2\/comments?post=234063"}],"version-history":[{"count":0,"href":"https:\/\/acefootball.com\/da\/wp-json\/wp\/v2\/posts\/234063\/revisions"}],"wp:featuredmedia":[{"embeddable":true,"href":"https:\/\/acefootball.com\/da\/wp-json\/wp\/v2\/media\/234065"}],"wp:attachment":[{"href":"https:\/\/acefootball.com\/da\/wp-json\/wp\/v2\/media?parent=234063"}],"wp:term":[{"taxonomy":"category","embeddable":true,"href":"https:\/\/acefootball.com\/da\/wp-json\/wp\/v2\/categories?post=234063"},{"taxonomy":"post_tag","embeddable":true,"href":"https:\/\/acefootball.com\/da\/wp-json\/wp\/v2\/tags?post=234063"}],"curies":[{"name":"wp","href":"https:\/\/api.w.org\/{rel}","templated":true}]}}