{"id":234061,"date":"2020-08-13T17:36:29","date_gmt":"2020-08-13T15:36:29","guid":{"rendered":"https:\/\/acefootball.com\/da\/?p=234061"},"modified":"2020-08-13T17:13:46","modified_gmt":"2020-08-13T15:13:46","slug":"sky-willian-er-arsenal-spiller-paa-loerdag","status":"publish","type":"post","link":"https:\/\/acefootball.com\/da\/fodboldnyheder\/sky-willian-er-arsenal-spiller-paa-loerdag\/","title":{"rendered":"Sky: Willian er Arsenal-spiller p\u00e5 l\u00f8rdag"},"content":{"rendered":"\n<h2>If\u00f8lge Sky Sports skriver Willian under med Arsenal inden l\u00f8rdag, efter han forlod Chelsea for f\u00e5 dage siden<\/h2>\n\n\n\n<p>Chelsea og Willian kunne i sidste ende ikke blive enige om en forl\u00e6ngelse, og derfor forlod brasilianeren klubben for ganske f\u00e5 dage siden.<\/p>\n\n\n\n<p>Hvor karrieren forts\u00e6tter, er endnu ikke meldt offentligt ud, men Willians agent udtaler nu, at det hele er p\u00e5 plads.<\/p>\n\n\n\n<p>If\u00f8lge <a href=\"https:\/\/www.skysports.com\/football\/news\/12040\/12048537\/willian-arsenal-set-to-sign-former-chelsea-winger-in-next-48-hours\" target=\"_blank\" rel=\"noreferrer noopener\">Sky Sports<\/a> bliver det Arsenal, der overtager den offensive profil, hvilket flere m\u00e5neders rygter ogs\u00e5 har peget i retning mod.<\/p>\n\n\n\n<div class=\"wp-block-si-widget wp-block-si-widget--center\"><si-lb-widget widget-id=\"PlayerSeasonProfile\" width=\"440\" data-card=\"true\" data-language=\"da\" data-provider=\"mrgreen\" data-player-id=\"94086\"><\/si-lb-widget><\/div>\n\n\n\n<p>Mediet skriver, at The Gunners, i mods\u00e6tning til Chelsea, er klar p\u00e5 at give Willian de \u00f8nskede tre \u00e5r, og transferen bliver efter sigende pr\u00e6senteret i l\u00f8bet af de kommende 48 timer.<\/p>\n\n\n\n<p>32-\u00e5rige Willian har spillet i Chelsea siden 2013, hvor han blev k\u00f8bt i russiske Anzhi.<\/p>\n","protected":false},"excerpt":{"rendered":"<p>If\u00f8lge Sky Sports skriver Willian under med Arsenal inden l\u00f8rdag, efter han forlod Chelsea for f\u00e5 dage siden<\/p>\n","protected":false},"author":705,"featured_media":234062,"comment_status":"open","ping_status":"closed","sticky":false,"template":"","format":"standard","meta":{"om_disable_all_campaigns":false,"push_articles_ronaldo":{"active":false,"canonical":0,"publish":false},"force_updates":null},"categories":[7],"tags":[227,84,134,686],"enet_tags":{"team":["9825","8455"],"league":["47"],"player":["94086"],"sport_events":[]},"yoast_head":"<!-- This site is optimized with the Yoast SEO plugin v18.3 - https:\/\/yoast.com\/wordpress\/plugins\/seo\/ -->\n<title>Sky: Willian er Arsenal-spiller p\u00e5 l\u00f8rdag<\/title>\n<meta name=\"description\" content=\"If\u00f8lge Sky Sports skriver Willian under med Arsenal inden l\u00f8rdag, efter han forlod Chelsea for f\u00e5 dage siden\" \/>\n<meta name=\"robots\" content=\"index, follow, max-snippet:-1, max-image-preview:large, max-video-preview:-1\" \/>\n<link rel=\"canonical\" href=\"https:\/\/acefootball.com\/da\/fodboldnyheder\/sky-willian-er-arsenal-spiller-paa-loerdag\/\" \/>\n<meta property=\"og:locale\" content=\"en_US\" \/>\n<meta property=\"og:type\" content=\"article\" \/>\n<meta property=\"og:title\" content=\"Sky: Willian er Arsenal-spiller p\u00e5 l\u00f8rdag\" \/>\n<meta property=\"og:description\" content=\"If\u00f8lge Sky Sports skriver Willian under med Arsenal inden l\u00f8rdag, efter han forlod Chelsea for f\u00e5 dage siden\" \/>\n<meta property=\"og:url\" content=\"https:\/\/acefootball.com\/da\/fodboldnyheder\/sky-willian-er-arsenal-spiller-paa-loerdag\/\" \/>\n<meta property=\"og:site_name\" content=\"Ace Football Danmark\" \/>\n<meta property=\"article:publisher\" content=\"https:\/\/www.facebook.com\/acefootballdk\" \/>\n<meta property=\"article:published_time\" content=\"2020-08-13T15:36:29+00:00\" \/>\n<meta property=\"article:modified_time\" content=\"2020-08-13T15:13:46+00:00\" \/>\n<meta property=\"og:image\" content=\"https:\/\/acefootball.com\/da\/wp-content\/uploads\/sites\/2\/2020\/08\/GettyImages-1210290021.jpg\" \/>\n\t<meta property=\"og:image:width\" content=\"1024\" \/>\n\t<meta property=\"og:image:height\" content=\"690\" \/>\n\t<meta property=\"og:image:type\" content=\"image\/jpeg\" \/>\n<meta name=\"twitter:card\" content=\"summary_large_image\" \/>\n<meta name=\"twitter:label1\" content=\"Written by\" \/>\n\t<meta name=\"twitter:data1\" content=\"Mads Dreyer\" \/>\n\t<meta name=\"twitter:label2\" content=\"Est. reading time\" \/>\n\t<meta name=\"twitter:data2\" content=\"1 minute\" \/>\n<script type=\"application\/ld+json\" class=\"yoast-schema-graph\">{\"@context\":\"https:\/\/schema.org\",\"@graph\":[{\"@type\":\"Organization\",\"@id\":\"https:\/\/acefootball.com\/da\/#organization\",\"name\":\"Ace Football\",\"url\":\"https:\/\/acefootball.com\/da\/\",\"sameAs\":[\"https:\/\/www.facebook.com\/acefootballdk\"],\"logo\":{\"@type\":\"ImageObject\",\"@id\":\"https:\/\/acefootball.com\/da\/#logo\",\"inLanguage\":\"en-US\",\"url\":\"https:\/\/acefootball.com\/da\/wp-content\/uploads\/sites\/2\/2020\/07\/Ace-Football-30-07-2020-2.png\",\"contentUrl\":\"https:\/\/acefootball.com\/da\/wp-content\/uploads\/sites\/2\/2020\/07\/Ace-Football-30-07-2020-2.png\",\"width\":1200,\"height\":600,\"caption\":\"Ace Football\"},\"image\":{\"@id\":\"https:\/\/acefootball.com\/da\/#logo\"}},{\"@type\":\"WebSite\",\"@id\":\"https:\/\/acefootball.com\/da\/#website\",\"url\":\"https:\/\/acefootball.com\/da\/\",\"name\":\"Ace Football Danmark\",\"description\":\"Nyheder, Spiltips &amp; Livescore\",\"publisher\":{\"@id\":\"https:\/\/acefootball.com\/da\/#organization\"},\"potentialAction\":[{\"@type\":\"SearchAction\",\"target\":{\"@type\":\"EntryPoint\",\"urlTemplate\":\"https:\/\/acefootball.com\/da\/?s={search_term_string}\"},\"query-input\":\"required name=search_term_string\"}],\"inLanguage\":\"en-US\"},{\"@type\":\"ImageObject\",\"@id\":\"https:\/\/acefootball.com\/da\/fodboldnyheder\/sky-willian-er-arsenal-spiller-paa-loerdag\/#primaryimage\",\"inLanguage\":\"en-US\",\"url\":\"https:\/\/acefootball.com\/da\/wp-content\/uploads\/sites\/2\/2020\/08\/GettyImages-1210290021.jpg\",\"contentUrl\":\"https:\/\/acefootball.com\/da\/wp-content\/uploads\/sites\/2\/2020\/08\/GettyImages-1210290021.jpg\",\"width\":1024,\"height\":690,\"caption\":\"LONDON, ENGLAND - MARCH 03: Willian of Chelsea celebrates after scoring his sides first goal during the FA Cup Fifth Round match between Chelsea FC and Liverpool FC at Stamford Bridge on March 03, 2020 in London, England. (Photo by Clive Mason\/Getty Images)\"},{\"@type\":\"WebPage\",\"@id\":\"https:\/\/acefootball.com\/da\/fodboldnyheder\/sky-willian-er-arsenal-spiller-paa-loerdag\/#webpage\",\"url\":\"https:\/\/acefootball.com\/da\/fodboldnyheder\/sky-willian-er-arsenal-spiller-paa-loerdag\/\",\"name\":\"Sky: Willian er Arsenal-spiller p\u00e5 l\u00f8rdag\",\"isPartOf\":{\"@id\":\"https:\/\/acefootball.com\/da\/#website\"},\"primaryImageOfPage\":{\"@id\":\"https:\/\/acefootball.com\/da\/fodboldnyheder\/sky-willian-er-arsenal-spiller-paa-loerdag\/#primaryimage\"},\"datePublished\":\"2020-08-13T15:36:29+00:00\",\"dateModified\":\"2020-08-13T15:13:46+00:00\",\"description\":\"If\u00f8lge Sky Sports skriver Willian under med Arsenal inden l\u00f8rdag, efter han forlod Chelsea for f\u00e5 dage siden\",\"breadcrumb\":{\"@id\":\"https:\/\/acefootball.com\/da\/fodboldnyheder\/sky-willian-er-arsenal-spiller-paa-loerdag\/#breadcrumb\"},\"inLanguage\":\"en-US\",\"potentialAction\":[{\"@type\":\"ReadAction\",\"target\":[\"https:\/\/acefootball.com\/da\/fodboldnyheder\/sky-willian-er-arsenal-spiller-paa-loerdag\/\"]}]},{\"@type\":\"BreadcrumbList\",\"@id\":\"https:\/\/acefootball.com\/da\/fodboldnyheder\/sky-willian-er-arsenal-spiller-paa-loerdag\/#breadcrumb\",\"itemListElement\":[{\"@type\":\"ListItem\",\"position\":1,\"name\":\"Home\",\"item\":\"https:\/\/acefootball.com\/da\/\"},{\"@type\":\"ListItem\",\"position\":2,\"name\":\"Sky: Willian er Arsenal-spiller p\u00e5 l\u00f8rdag\"}]},{\"@type\":\"Article\",\"@id\":\"https:\/\/acefootball.com\/da\/fodboldnyheder\/sky-willian-er-arsenal-spiller-paa-loerdag\/#article\",\"isPartOf\":{\"@id\":\"https:\/\/acefootball.com\/da\/fodboldnyheder\/sky-willian-er-arsenal-spiller-paa-loerdag\/#webpage\"},\"author\":{\"@id\":\"https:\/\/acefootball.com\/da\/#\/schema\/person\/ee67e9cf04a276f144100ffa722f10cd\"},\"headline\":\"Sky: Willian er Arsenal-spiller p\u00e5 l\u00f8rdag\",\"datePublished\":\"2020-08-13T15:36:29+00:00\",\"dateModified\":\"2020-08-13T15:13:46+00:00\",\"mainEntityOfPage\":{\"@id\":\"https:\/\/acefootball.com\/da\/fodboldnyheder\/sky-willian-er-arsenal-spiller-paa-loerdag\/#webpage\"},\"wordCount\":145,\"commentCount\":0,\"publisher\":{\"@id\":\"https:\/\/acefootball.com\/da\/#organization\"},\"image\":{\"@id\":\"https:\/\/acefootball.com\/da\/fodboldnyheder\/sky-willian-er-arsenal-spiller-paa-loerdag\/#primaryimage\"},\"thumbnailUrl\":\"https:\/\/acefootball.com\/da\/wp-content\/uploads\/sites\/2\/2020\/08\/GettyImages-1210290021.jpg\",\"keywords\":[\"Arsenal\",\"Chelsea\",\"Premier League\",\"Willian\"],\"articleSection\":[\"Transfer\"],\"inLanguage\":\"en-US\",\"potentialAction\":[{\"@type\":\"CommentAction\",\"name\":\"Comment\",\"target\":[\"https:\/\/acefootball.com\/da\/fodboldnyheder\/sky-willian-er-arsenal-spiller-paa-loerdag\/#respond\"]}]},{\"@type\":\"Person\",\"@id\":\"https:\/\/acefootball.com\/da\/#\/schema\/person\/ee67e9cf04a276f144100ffa722f10cd\",\"name\":\"Mads Dreyer\",\"image\":{\"@type\":\"ImageObject\",\"@id\":\"https:\/\/acefootball.com\/da\/#personlogo\",\"inLanguage\":\"en-US\",\"url\":\"https:\/\/secure.gravatar.com\/avatar\/7c7abf72cfde9902b6a60efe60c88d4c?s=96&d=mm&r=g\",\"contentUrl\":\"https:\/\/secure.gravatar.com\/avatar\/7c7abf72cfde9902b6a60efe60c88d4c?s=96&d=mm&r=g\",\"caption\":\"Mads Dreyer\"},\"description\":\"Skribent og fodboldn\u00f8rd, der lige nu fort\u00e6ller om alt og intet i fodboldverdenen p\u00e5 acefootball.com. Uddannet i kommunikation fra Aalborg Universitet.\",\"sameAs\":[\"https:\/\/www.linkedin.com\/in\/mads-dreyer-b9b08266\/\"],\"url\":\"https:\/\/acefootball.com\/da\/fodboldnyheder\/author\/mdnronaldo\/\"}]}<\/script>\n<!-- \/ Yoast SEO plugin. -->","yoast_head_json":{"title":"Sky: Willian er Arsenal-spiller p\u00e5 l\u00f8rdag","description":"If\u00f8lge Sky Sports skriver Willian under med Arsenal inden l\u00f8rdag, efter han forlod Chelsea for f\u00e5 dage siden","robots":{"index":"index","follow":"follow","max-snippet":"max-snippet:-1","max-image-preview":"max-image-preview:large","max-video-preview":"max-video-preview:-1"},"canonical":"https:\/\/acefootball.com\/da\/fodboldnyheder\/sky-willian-er-arsenal-spiller-paa-loerdag\/","og_locale":"en_US","og_type":"article","og_title":"Sky: Willian er Arsenal-spiller p\u00e5 l\u00f8rdag","og_description":"If\u00f8lge Sky Sports skriver Willian under med Arsenal inden l\u00f8rdag, efter han forlod Chelsea for f\u00e5 dage siden","og_url":"https:\/\/acefootball.com\/da\/fodboldnyheder\/sky-willian-er-arsenal-spiller-paa-loerdag\/","og_site_name":"Ace Football Danmark","article_publisher":"https:\/\/www.facebook.com\/acefootballdk","article_published_time":"2020-08-13T15:36:29+00:00","article_modified_time":"2020-08-13T15:13:46+00:00","og_image":[{"width":1024,"height":690,"url":"https:\/\/acefootball.com\/da\/wp-content\/uploads\/sites\/2\/2020\/08\/GettyImages-1210290021.jpg","type":"image\/jpeg"}],"twitter_card":"summary_large_image","twitter_misc":{"Written by":"Mads Dreyer","Est. reading time":"1 minute"},"schema":{"@context":"https:\/\/schema.org","@graph":[{"@type":"Organization","@id":"https:\/\/acefootball.com\/da\/#organization","name":"Ace Football","url":"https:\/\/acefootball.com\/da\/","sameAs":["https:\/\/www.facebook.com\/acefootballdk"],"logo":{"@type":"ImageObject","@id":"https:\/\/acefootball.com\/da\/#logo","inLanguage":"en-US","url":"https:\/\/acefootball.com\/da\/wp-content\/uploads\/sites\/2\/2020\/07\/Ace-Football-30-07-2020-2.png","contentUrl":"https:\/\/acefootball.com\/da\/wp-content\/uploads\/sites\/2\/2020\/07\/Ace-Football-30-07-2020-2.png","width":1200,"height":600,"caption":"Ace Football"},"image":{"@id":"https:\/\/acefootball.com\/da\/#logo"}},{"@type":"WebSite","@id":"https:\/\/acefootball.com\/da\/#website","url":"https:\/\/acefootball.com\/da\/","name":"Ace Football Danmark","description":"Nyheder, Spiltips &amp; Livescore","publisher":{"@id":"https:\/\/acefootball.com\/da\/#organization"},"potentialAction":[{"@type":"SearchAction","target":{"@type":"EntryPoint","urlTemplate":"https:\/\/acefootball.com\/da\/?s={search_term_string}"},"query-input":"required name=search_term_string"}],"inLanguage":"en-US"},{"@type":"ImageObject","@id":"https:\/\/acefootball.com\/da\/fodboldnyheder\/sky-willian-er-arsenal-spiller-paa-loerdag\/#primaryimage","inLanguage":"en-US","url":"https:\/\/acefootball.com\/da\/wp-content\/uploads\/sites\/2\/2020\/08\/GettyImages-1210290021.jpg","contentUrl":"https:\/\/acefootball.com\/da\/wp-content\/uploads\/sites\/2\/2020\/08\/GettyImages-1210290021.jpg","width":1024,"height":690,"caption":"LONDON, ENGLAND - MARCH 03: Willian of Chelsea celebrates after scoring his sides first goal during the FA Cup Fifth Round match between Chelsea FC and Liverpool FC at Stamford Bridge on March 03, 2020 in London, England. (Photo by Clive Mason\/Getty Images)"},{"@type":"WebPage","@id":"https:\/\/acefootball.com\/da\/fodboldnyheder\/sky-willian-er-arsenal-spiller-paa-loerdag\/#webpage","url":"https:\/\/acefootball.com\/da\/fodboldnyheder\/sky-willian-er-arsenal-spiller-paa-loerdag\/","name":"Sky: Willian er Arsenal-spiller p\u00e5 l\u00f8rdag","isPartOf":{"@id":"https:\/\/acefootball.com\/da\/#website"},"primaryImageOfPage":{"@id":"https:\/\/acefootball.com\/da\/fodboldnyheder\/sky-willian-er-arsenal-spiller-paa-loerdag\/#primaryimage"},"datePublished":"2020-08-13T15:36:29+00:00","dateModified":"2020-08-13T15:13:46+00:00","description":"If\u00f8lge Sky Sports skriver Willian under med Arsenal inden l\u00f8rdag, efter han forlod Chelsea for f\u00e5 dage siden","breadcrumb":{"@id":"https:\/\/acefootball.com\/da\/fodboldnyheder\/sky-willian-er-arsenal-spiller-paa-loerdag\/#breadcrumb"},"inLanguage":"en-US","potentialAction":[{"@type":"ReadAction","target":["https:\/\/acefootball.com\/da\/fodboldnyheder\/sky-willian-er-arsenal-spiller-paa-loerdag\/"]}]},{"@type":"BreadcrumbList","@id":"https:\/\/acefootball.com\/da\/fodboldnyheder\/sky-willian-er-arsenal-spiller-paa-loerdag\/#breadcrumb","itemListElement":[{"@type":"ListItem","position":1,"name":"Home","item":"https:\/\/acefootball.com\/da\/"},{"@type":"ListItem","position":2,"name":"Sky: Willian er Arsenal-spiller p\u00e5 l\u00f8rdag"}]},{"@type":"Article","@id":"https:\/\/acefootball.com\/da\/fodboldnyheder\/sky-willian-er-arsenal-spiller-paa-loerdag\/#article","isPartOf":{"@id":"https:\/\/acefootball.com\/da\/fodboldnyheder\/sky-willian-er-arsenal-spiller-paa-loerdag\/#webpage"},"author":{"@id":"https:\/\/acefootball.com\/da\/#\/schema\/person\/ee67e9cf04a276f144100ffa722f10cd"},"headline":"Sky: Willian er Arsenal-spiller p\u00e5 l\u00f8rdag","datePublished":"2020-08-13T15:36:29+00:00","dateModified":"2020-08-13T15:13:46+00:00","mainEntityOfPage":{"@id":"https:\/\/acefootball.com\/da\/fodboldnyheder\/sky-willian-er-arsenal-spiller-paa-loerdag\/#webpage"},"wordCount":145,"commentCount":0,"publisher":{"@id":"https:\/\/acefootball.com\/da\/#organization"},"image":{"@id":"https:\/\/acefootball.com\/da\/fodboldnyheder\/sky-willian-er-arsenal-spiller-paa-loerdag\/#primaryimage"},"thumbnailUrl":"https:\/\/acefootball.com\/da\/wp-content\/uploads\/sites\/2\/2020\/08\/GettyImages-1210290021.jpg","keywords":["Arsenal","Chelsea","Premier League","Willian"],"articleSection":["Transfer"],"inLanguage":"en-US","potentialAction":[{"@type":"CommentAction","name":"Comment","target":["https:\/\/acefootball.com\/da\/fodboldnyheder\/sky-willian-er-arsenal-spiller-paa-loerdag\/#respond"]}]},{"@type":"Person","@id":"https:\/\/acefootball.com\/da\/#\/schema\/person\/ee67e9cf04a276f144100ffa722f10cd","name":"Mads Dreyer","image":{"@type":"ImageObject","@id":"https:\/\/acefootball.com\/da\/#personlogo","inLanguage":"en-US","url":"https:\/\/secure.gravatar.com\/avatar\/7c7abf72cfde9902b6a60efe60c88d4c?s=96&d=mm&r=g","contentUrl":"https:\/\/secure.gravatar.com\/avatar\/7c7abf72cfde9902b6a60efe60c88d4c?s=96&d=mm&r=g","caption":"Mads Dreyer"},"description":"Skribent og fodboldn\u00f8rd, der lige nu fort\u00e6ller om alt og intet i fodboldverdenen p\u00e5 acefootball.com. Uddannet i kommunikation fra Aalborg Universitet.","sameAs":["https:\/\/www.linkedin.com\/in\/mads-dreyer-b9b08266\/"],"url":"https:\/\/acefootball.com\/da\/fodboldnyheder\/author\/mdnronaldo\/"}]}},"fimg_url":"https:\/\/acefootball.com\/da\/wp-content\/uploads\/sites\/2\/2020\/08\/GettyImages-1210290021.jpg","_links":{"self":[{"href":"https:\/\/acefootball.com\/da\/wp-json\/wp\/v2\/posts\/234061"}],"collection":[{"href":"https:\/\/acefootball.com\/da\/wp-json\/wp\/v2\/posts"}],"about":[{"href":"https:\/\/acefootball.com\/da\/wp-json\/wp\/v2\/types\/post"}],"author":[{"embeddable":true,"href":"https:\/\/acefootball.com\/da\/wp-json\/wp\/v2\/users\/705"}],"replies":[{"embeddable":true,"href":"https:\/\/acefootball.com\/da\/wp-json\/wp\/v2\/comments?post=234061"}],"version-history":[{"count":0,"href":"https:\/\/acefootball.com\/da\/wp-json\/wp\/v2\/posts\/234061\/revisions"}],"wp:featuredmedia":[{"embeddable":true,"href":"https:\/\/acefootball.com\/da\/wp-json\/wp\/v2\/media\/234062"}],"wp:attachment":[{"href":"https:\/\/acefootball.com\/da\/wp-json\/wp\/v2\/media?parent=234061"}],"wp:term":[{"taxonomy":"category","embeddable":true,"href":"https:\/\/acefootball.com\/da\/wp-json\/wp\/v2\/categories?post=234061"},{"taxonomy":"post_tag","embeddable":true,"href":"https:\/\/acefootball.com\/da\/wp-json\/wp\/v2\/tags?post=234061"}],"curies":[{"name":"wp","href":"https:\/\/api.w.org\/{rel}","templated":true}]}}