{"id":234057,"date":"2020-08-13T16:52:03","date_gmt":"2020-08-13T14:52:03","guid":{"rendered":"https:\/\/acefootball.com\/da\/?p=234057"},"modified":"2020-08-13T16:58:35","modified_gmt":"2020-08-13T14:58:35","slug":"dortmunds-supertalent-kan-faa-debut-til-november","status":"publish","type":"post","link":"https:\/\/acefootball.com\/da\/fodboldnyheder\/dortmunds-supertalent-kan-faa-debut-til-november\/","title":{"rendered":"Dortmunds supertalent kan f\u00e5 debut til november"},"content":{"rendered":"\n<h2>Borussia Dortmund har i 15-\u00e5rige Youssoufa Moukoko et af de mest sp\u00e6ndende offensive talenter i fodboldverdenen<\/h2>\n\n\n\n<p>Denne sommer tilsluttede Jude Bellingham sig truppen i Borussia Dortmund, der i forvejen har masser af talentfulde spillere i folden, s\u00e5som Erling H\u00e5land og Giovanni Reyna.<\/p>\n\n\n\n<p>Men vi har med stor sandsynlighed ikke set det allerst\u00f8rste talent endnu. Kun 15-\u00e5rige Youssoufa Moukoko har i den forgangne s\u00e6son scoret vanvittige 34 m\u00e5l i U19-Bundesligaen og er f\u00f8rst denne sommer rykket op i f\u00f8rsteholdstruppen.<\/p>\n\n\n\n<figure class=\"wp-block-embed-twitter wp-block-embed is-type-rich is-provider-twitter\"><div class=\"wp-block-embed__wrapper\">\n<blockquote class=\"twitter-tweet\" data-width=\"550\" data-dnt=\"true\"><p lang=\"en\" dir=\"ltr\">Not bad, Youssoufa Moukoko, not bad \ud83d\udd25\ud83d\udc40<a href=\"https:\/\/t.co\/Wtj7plxw5m\">pic.twitter.com\/Wtj7plxw5m<\/a><\/p>&mdash; Borussia Dortmund (@BlackYellow) <a href=\"https:\/\/twitter.com\/BlackYellow\/status\/1291343569270300672?ref_src=twsrc%5Etfw\">August 6, 2020<\/a><\/blockquote><script async src=\"https:\/\/platform.twitter.com\/widgets.js\" charset=\"utf-8\"><\/script>\n<\/div><\/figure>\n\n\n\n<p>Der er kolossale forventninger til Moukoko, men vi m\u00e5 vente helt til den 20. november for at se det f\u00f8rste til det tysk-camerounske k\u00e6mpetalent p\u00e5 banen, da man skal v\u00e6re fyldt 16 \u00e5r for at v\u00e6re spilleberettiget.<\/p>\n\n\n\n<p>Holdkammeraten H\u00e5land er da ogs\u00e5 fuld af forventning overfor sin fire \u00e5r yngre angrebskollega, som er kommet med p\u00e5 tr\u00e6ningslejr frem mod n\u00e6ste Bundesliga-s\u00e6son.<\/p>\n\n\n\n<p>&#8220;Moukoko er meget bedre, end jeg var p\u00e5 hans alder. Jeg har aldrig set s\u00e5 god en 15-\u00e5rig i mit liv. Hans fordel er, at han allerede spiller for Dortmund. Da jeg var p\u00e5 hans alder, spillede jeg stadig for min barndomsklub Bryne,&#8221; siger H\u00e5land til <a href=\"https:\/\/www.bundesliga.com\/en\/bundesliga\/news\/who-is-youssoufa-moukoko-borussia-dortmund-striker-germany-cameroon-messi-12401\" target=\"_blank\" rel=\"noreferrer noopener\">Bundesliga.com<\/a>.<\/p>\n\n\n\n<p>Du kan se mere til Youssoufa Moukoko i videoen nedenfor.<\/p>\n\n\n\n<figure class=\"wp-block-embed-youtube wp-block-embed is-type-video is-provider-youtube wp-embed-aspect-16-9 wp-has-aspect-ratio\"><div class=\"wp-block-embed__wrapper\">\n<iframe loading=\"lazy\" title=\"15 Year Old Youssoufa Moukoko is TOO GOOD! 2019\/20\" width=\"640\" height=\"360\" src=\"https:\/\/www.youtube.com\/embed\/q9lfHe-9KN4?start=60&#038;feature=oembed\" frameborder=\"0\" allow=\"accelerometer; autoplay; encrypted-media; gyroscope; picture-in-picture\" allowfullscreen><\/iframe>\n<\/div><\/figure>\n","protected":false},"excerpt":{"rendered":"<p>Borussia Dortmund har i 15-\u00e5rige Youssoufa Moukoko et af de mest sp\u00e6ndende offensive talenter i fodboldverdenen<\/p>\n","protected":false},"author":705,"featured_media":234059,"comment_status":"open","ping_status":"closed","sticky":false,"template":"","format":"standard","meta":{"om_disable_all_campaigns":false,"push_articles_ronaldo":{"active":false,"canonical":0,"publish":false},"force_updates":null},"categories":[8098],"tags":[142,143,7348],"enet_tags":{"team":["9789"],"league":["54"],"sport_events":[]},"yoast_head":"<!-- This site is optimized with the Yoast SEO plugin v18.3 - https:\/\/yoast.com\/wordpress\/plugins\/seo\/ -->\n<title>Dortmunds supertalent kan f\u00e5 debut til november<\/title>\n<meta name=\"description\" content=\"Borussia Dortmund har i 15-\u00e5rige Youssoufa Moukoko et af de mest sp\u00e6ndende offensive talenter i fodboldverdenen\" \/>\n<meta name=\"robots\" content=\"index, follow, max-snippet:-1, max-image-preview:large, max-video-preview:-1\" \/>\n<link rel=\"canonical\" href=\"https:\/\/acefootball.com\/da\/fodboldnyheder\/dortmunds-supertalent-kan-faa-debut-til-november\/\" \/>\n<meta property=\"og:locale\" content=\"en_US\" \/>\n<meta property=\"og:type\" content=\"article\" \/>\n<meta property=\"og:title\" content=\"Dortmunds supertalent kan f\u00e5 debut til november\" \/>\n<meta property=\"og:description\" content=\"Borussia Dortmund har i 15-\u00e5rige Youssoufa Moukoko et af de mest sp\u00e6ndende offensive talenter i fodboldverdenen\" \/>\n<meta property=\"og:url\" content=\"https:\/\/acefootball.com\/da\/fodboldnyheder\/dortmunds-supertalent-kan-faa-debut-til-november\/\" \/>\n<meta property=\"og:site_name\" content=\"Ace Football Danmark\" \/>\n<meta property=\"article:publisher\" content=\"https:\/\/www.facebook.com\/acefootballdk\" \/>\n<meta property=\"article:published_time\" content=\"2020-08-13T14:52:03+00:00\" \/>\n<meta property=\"article:modified_time\" content=\"2020-08-13T14:58:35+00:00\" \/>\n<meta property=\"og:image\" content=\"https:\/\/acefootball.com\/da\/wp-content\/uploads\/sites\/2\/2020\/08\/GettyImages-1205526019.jpg\" \/>\n\t<meta property=\"og:image:width\" content=\"1024\" \/>\n\t<meta property=\"og:image:height\" content=\"700\" \/>\n\t<meta property=\"og:image:type\" content=\"image\/jpeg\" \/>\n<meta name=\"twitter:card\" content=\"summary_large_image\" \/>\n<meta name=\"twitter:label1\" content=\"Written by\" \/>\n\t<meta name=\"twitter:data1\" content=\"Mads Dreyer\" \/>\n\t<meta name=\"twitter:label2\" content=\"Est. reading time\" \/>\n\t<meta name=\"twitter:data2\" content=\"1 minute\" \/>\n<script type=\"application\/ld+json\" class=\"yoast-schema-graph\">{\"@context\":\"https:\/\/schema.org\",\"@graph\":[{\"@type\":\"Organization\",\"@id\":\"https:\/\/acefootball.com\/da\/#organization\",\"name\":\"Ace Football\",\"url\":\"https:\/\/acefootball.com\/da\/\",\"sameAs\":[\"https:\/\/www.facebook.com\/acefootballdk\"],\"logo\":{\"@type\":\"ImageObject\",\"@id\":\"https:\/\/acefootball.com\/da\/#logo\",\"inLanguage\":\"en-US\",\"url\":\"https:\/\/acefootball.com\/da\/wp-content\/uploads\/sites\/2\/2020\/07\/Ace-Football-30-07-2020-2.png\",\"contentUrl\":\"https:\/\/acefootball.com\/da\/wp-content\/uploads\/sites\/2\/2020\/07\/Ace-Football-30-07-2020-2.png\",\"width\":1200,\"height\":600,\"caption\":\"Ace Football\"},\"image\":{\"@id\":\"https:\/\/acefootball.com\/da\/#logo\"}},{\"@type\":\"WebSite\",\"@id\":\"https:\/\/acefootball.com\/da\/#website\",\"url\":\"https:\/\/acefootball.com\/da\/\",\"name\":\"Ace Football Danmark\",\"description\":\"Nyheder, Spiltips &amp; Livescore\",\"publisher\":{\"@id\":\"https:\/\/acefootball.com\/da\/#organization\"},\"potentialAction\":[{\"@type\":\"SearchAction\",\"target\":{\"@type\":\"EntryPoint\",\"urlTemplate\":\"https:\/\/acefootball.com\/da\/?s={search_term_string}\"},\"query-input\":\"required name=search_term_string\"}],\"inLanguage\":\"en-US\"},{\"@type\":\"ImageObject\",\"@id\":\"https:\/\/acefootball.com\/da\/fodboldnyheder\/dortmunds-supertalent-kan-faa-debut-til-november\/#primaryimage\",\"inLanguage\":\"en-US\",\"url\":\"https:\/\/acefootball.com\/da\/wp-content\/uploads\/sites\/2\/2020\/08\/GettyImages-1205526019.jpg\",\"contentUrl\":\"https:\/\/acefootball.com\/da\/wp-content\/uploads\/sites\/2\/2020\/08\/GettyImages-1205526019.jpg\",\"width\":1024,\"height\":700,\"caption\":\"DERBY, ENGLAND - FEBRUARY 11: Youssoufa Moukoko of Borussia Dortmund U19 runs with the ball during the UEFA Youth League match between Derby U19 and Borussia Dortmund U19 at Pride Park on February 11, 2020 in Derby, United Kingdom. (Photo by Gareth Copley\/Getty Images)\"},{\"@type\":\"WebPage\",\"@id\":\"https:\/\/acefootball.com\/da\/fodboldnyheder\/dortmunds-supertalent-kan-faa-debut-til-november\/#webpage\",\"url\":\"https:\/\/acefootball.com\/da\/fodboldnyheder\/dortmunds-supertalent-kan-faa-debut-til-november\/\",\"name\":\"Dortmunds supertalent kan f\u00e5 debut til november\",\"isPartOf\":{\"@id\":\"https:\/\/acefootball.com\/da\/#website\"},\"primaryImageOfPage\":{\"@id\":\"https:\/\/acefootball.com\/da\/fodboldnyheder\/dortmunds-supertalent-kan-faa-debut-til-november\/#primaryimage\"},\"datePublished\":\"2020-08-13T14:52:03+00:00\",\"dateModified\":\"2020-08-13T14:58:35+00:00\",\"description\":\"Borussia Dortmund har i 15-\u00e5rige Youssoufa Moukoko et af de mest sp\u00e6ndende offensive talenter i fodboldverdenen\",\"breadcrumb\":{\"@id\":\"https:\/\/acefootball.com\/da\/fodboldnyheder\/dortmunds-supertalent-kan-faa-debut-til-november\/#breadcrumb\"},\"inLanguage\":\"en-US\",\"potentialAction\":[{\"@type\":\"ReadAction\",\"target\":[\"https:\/\/acefootball.com\/da\/fodboldnyheder\/dortmunds-supertalent-kan-faa-debut-til-november\/\"]}]},{\"@type\":\"BreadcrumbList\",\"@id\":\"https:\/\/acefootball.com\/da\/fodboldnyheder\/dortmunds-supertalent-kan-faa-debut-til-november\/#breadcrumb\",\"itemListElement\":[{\"@type\":\"ListItem\",\"position\":1,\"name\":\"Home\",\"item\":\"https:\/\/acefootball.com\/da\/\"},{\"@type\":\"ListItem\",\"position\":2,\"name\":\"Dortmunds supertalent kan f\u00e5 debut til november\"}]},{\"@type\":\"Article\",\"@id\":\"https:\/\/acefootball.com\/da\/fodboldnyheder\/dortmunds-supertalent-kan-faa-debut-til-november\/#article\",\"isPartOf\":{\"@id\":\"https:\/\/acefootball.com\/da\/fodboldnyheder\/dortmunds-supertalent-kan-faa-debut-til-november\/#webpage\"},\"author\":{\"@id\":\"https:\/\/acefootball.com\/da\/#\/schema\/person\/ee67e9cf04a276f144100ffa722f10cd\"},\"headline\":\"Dortmunds supertalent kan f\u00e5 debut til november\",\"datePublished\":\"2020-08-13T14:52:03+00:00\",\"dateModified\":\"2020-08-13T14:58:35+00:00\",\"mainEntityOfPage\":{\"@id\":\"https:\/\/acefootball.com\/da\/fodboldnyheder\/dortmunds-supertalent-kan-faa-debut-til-november\/#webpage\"},\"wordCount\":262,\"commentCount\":0,\"publisher\":{\"@id\":\"https:\/\/acefootball.com\/da\/#organization\"},\"image\":{\"@id\":\"https:\/\/acefootball.com\/da\/fodboldnyheder\/dortmunds-supertalent-kan-faa-debut-til-november\/#primaryimage\"},\"thumbnailUrl\":\"https:\/\/acefootball.com\/da\/wp-content\/uploads\/sites\/2\/2020\/08\/GettyImages-1205526019.jpg\",\"keywords\":[\"Borussia Dortmund\",\"Bundesliga\",\"Youssoufa Moukoko\"],\"articleSection\":[\"Video\"],\"inLanguage\":\"en-US\",\"potentialAction\":[{\"@type\":\"CommentAction\",\"name\":\"Comment\",\"target\":[\"https:\/\/acefootball.com\/da\/fodboldnyheder\/dortmunds-supertalent-kan-faa-debut-til-november\/#respond\"]}]},{\"@type\":\"Person\",\"@id\":\"https:\/\/acefootball.com\/da\/#\/schema\/person\/ee67e9cf04a276f144100ffa722f10cd\",\"name\":\"Mads Dreyer\",\"image\":{\"@type\":\"ImageObject\",\"@id\":\"https:\/\/acefootball.com\/da\/#personlogo\",\"inLanguage\":\"en-US\",\"url\":\"https:\/\/secure.gravatar.com\/avatar\/7c7abf72cfde9902b6a60efe60c88d4c?s=96&d=mm&r=g\",\"contentUrl\":\"https:\/\/secure.gravatar.com\/avatar\/7c7abf72cfde9902b6a60efe60c88d4c?s=96&d=mm&r=g\",\"caption\":\"Mads Dreyer\"},\"description\":\"Skribent og fodboldn\u00f8rd, der lige nu fort\u00e6ller om alt og intet i fodboldverdenen p\u00e5 acefootball.com. Uddannet i kommunikation fra Aalborg Universitet.\",\"sameAs\":[\"https:\/\/www.linkedin.com\/in\/mads-dreyer-b9b08266\/\"],\"url\":\"https:\/\/acefootball.com\/da\/fodboldnyheder\/author\/mdnronaldo\/\"}]}<\/script>\n<!-- \/ Yoast SEO plugin. -->","yoast_head_json":{"title":"Dortmunds supertalent kan f\u00e5 debut til november","description":"Borussia Dortmund har i 15-\u00e5rige Youssoufa Moukoko et af de mest sp\u00e6ndende offensive talenter i fodboldverdenen","robots":{"index":"index","follow":"follow","max-snippet":"max-snippet:-1","max-image-preview":"max-image-preview:large","max-video-preview":"max-video-preview:-1"},"canonical":"https:\/\/acefootball.com\/da\/fodboldnyheder\/dortmunds-supertalent-kan-faa-debut-til-november\/","og_locale":"en_US","og_type":"article","og_title":"Dortmunds supertalent kan f\u00e5 debut til november","og_description":"Borussia Dortmund har i 15-\u00e5rige Youssoufa Moukoko et af de mest sp\u00e6ndende offensive talenter i fodboldverdenen","og_url":"https:\/\/acefootball.com\/da\/fodboldnyheder\/dortmunds-supertalent-kan-faa-debut-til-november\/","og_site_name":"Ace Football Danmark","article_publisher":"https:\/\/www.facebook.com\/acefootballdk","article_published_time":"2020-08-13T14:52:03+00:00","article_modified_time":"2020-08-13T14:58:35+00:00","og_image":[{"width":1024,"height":700,"url":"https:\/\/acefootball.com\/da\/wp-content\/uploads\/sites\/2\/2020\/08\/GettyImages-1205526019.jpg","type":"image\/jpeg"}],"twitter_card":"summary_large_image","twitter_misc":{"Written by":"Mads Dreyer","Est. reading time":"1 minute"},"schema":{"@context":"https:\/\/schema.org","@graph":[{"@type":"Organization","@id":"https:\/\/acefootball.com\/da\/#organization","name":"Ace Football","url":"https:\/\/acefootball.com\/da\/","sameAs":["https:\/\/www.facebook.com\/acefootballdk"],"logo":{"@type":"ImageObject","@id":"https:\/\/acefootball.com\/da\/#logo","inLanguage":"en-US","url":"https:\/\/acefootball.com\/da\/wp-content\/uploads\/sites\/2\/2020\/07\/Ace-Football-30-07-2020-2.png","contentUrl":"https:\/\/acefootball.com\/da\/wp-content\/uploads\/sites\/2\/2020\/07\/Ace-Football-30-07-2020-2.png","width":1200,"height":600,"caption":"Ace Football"},"image":{"@id":"https:\/\/acefootball.com\/da\/#logo"}},{"@type":"WebSite","@id":"https:\/\/acefootball.com\/da\/#website","url":"https:\/\/acefootball.com\/da\/","name":"Ace Football Danmark","description":"Nyheder, Spiltips &amp; Livescore","publisher":{"@id":"https:\/\/acefootball.com\/da\/#organization"},"potentialAction":[{"@type":"SearchAction","target":{"@type":"EntryPoint","urlTemplate":"https:\/\/acefootball.com\/da\/?s={search_term_string}"},"query-input":"required name=search_term_string"}],"inLanguage":"en-US"},{"@type":"ImageObject","@id":"https:\/\/acefootball.com\/da\/fodboldnyheder\/dortmunds-supertalent-kan-faa-debut-til-november\/#primaryimage","inLanguage":"en-US","url":"https:\/\/acefootball.com\/da\/wp-content\/uploads\/sites\/2\/2020\/08\/GettyImages-1205526019.jpg","contentUrl":"https:\/\/acefootball.com\/da\/wp-content\/uploads\/sites\/2\/2020\/08\/GettyImages-1205526019.jpg","width":1024,"height":700,"caption":"DERBY, ENGLAND - FEBRUARY 11: Youssoufa Moukoko of Borussia Dortmund U19 runs with the ball during the UEFA Youth League match between Derby U19 and Borussia Dortmund U19 at Pride Park on February 11, 2020 in Derby, United Kingdom. (Photo by Gareth Copley\/Getty Images)"},{"@type":"WebPage","@id":"https:\/\/acefootball.com\/da\/fodboldnyheder\/dortmunds-supertalent-kan-faa-debut-til-november\/#webpage","url":"https:\/\/acefootball.com\/da\/fodboldnyheder\/dortmunds-supertalent-kan-faa-debut-til-november\/","name":"Dortmunds supertalent kan f\u00e5 debut til november","isPartOf":{"@id":"https:\/\/acefootball.com\/da\/#website"},"primaryImageOfPage":{"@id":"https:\/\/acefootball.com\/da\/fodboldnyheder\/dortmunds-supertalent-kan-faa-debut-til-november\/#primaryimage"},"datePublished":"2020-08-13T14:52:03+00:00","dateModified":"2020-08-13T14:58:35+00:00","description":"Borussia Dortmund har i 15-\u00e5rige Youssoufa Moukoko et af de mest sp\u00e6ndende offensive talenter i fodboldverdenen","breadcrumb":{"@id":"https:\/\/acefootball.com\/da\/fodboldnyheder\/dortmunds-supertalent-kan-faa-debut-til-november\/#breadcrumb"},"inLanguage":"en-US","potentialAction":[{"@type":"ReadAction","target":["https:\/\/acefootball.com\/da\/fodboldnyheder\/dortmunds-supertalent-kan-faa-debut-til-november\/"]}]},{"@type":"BreadcrumbList","@id":"https:\/\/acefootball.com\/da\/fodboldnyheder\/dortmunds-supertalent-kan-faa-debut-til-november\/#breadcrumb","itemListElement":[{"@type":"ListItem","position":1,"name":"Home","item":"https:\/\/acefootball.com\/da\/"},{"@type":"ListItem","position":2,"name":"Dortmunds supertalent kan f\u00e5 debut til november"}]},{"@type":"Article","@id":"https:\/\/acefootball.com\/da\/fodboldnyheder\/dortmunds-supertalent-kan-faa-debut-til-november\/#article","isPartOf":{"@id":"https:\/\/acefootball.com\/da\/fodboldnyheder\/dortmunds-supertalent-kan-faa-debut-til-november\/#webpage"},"author":{"@id":"https:\/\/acefootball.com\/da\/#\/schema\/person\/ee67e9cf04a276f144100ffa722f10cd"},"headline":"Dortmunds supertalent kan f\u00e5 debut til november","datePublished":"2020-08-13T14:52:03+00:00","dateModified":"2020-08-13T14:58:35+00:00","mainEntityOfPage":{"@id":"https:\/\/acefootball.com\/da\/fodboldnyheder\/dortmunds-supertalent-kan-faa-debut-til-november\/#webpage"},"wordCount":262,"commentCount":0,"publisher":{"@id":"https:\/\/acefootball.com\/da\/#organization"},"image":{"@id":"https:\/\/acefootball.com\/da\/fodboldnyheder\/dortmunds-supertalent-kan-faa-debut-til-november\/#primaryimage"},"thumbnailUrl":"https:\/\/acefootball.com\/da\/wp-content\/uploads\/sites\/2\/2020\/08\/GettyImages-1205526019.jpg","keywords":["Borussia Dortmund","Bundesliga","Youssoufa Moukoko"],"articleSection":["Video"],"inLanguage":"en-US","potentialAction":[{"@type":"CommentAction","name":"Comment","target":["https:\/\/acefootball.com\/da\/fodboldnyheder\/dortmunds-supertalent-kan-faa-debut-til-november\/#respond"]}]},{"@type":"Person","@id":"https:\/\/acefootball.com\/da\/#\/schema\/person\/ee67e9cf04a276f144100ffa722f10cd","name":"Mads Dreyer","image":{"@type":"ImageObject","@id":"https:\/\/acefootball.com\/da\/#personlogo","inLanguage":"en-US","url":"https:\/\/secure.gravatar.com\/avatar\/7c7abf72cfde9902b6a60efe60c88d4c?s=96&d=mm&r=g","contentUrl":"https:\/\/secure.gravatar.com\/avatar\/7c7abf72cfde9902b6a60efe60c88d4c?s=96&d=mm&r=g","caption":"Mads Dreyer"},"description":"Skribent og fodboldn\u00f8rd, der lige nu fort\u00e6ller om alt og intet i fodboldverdenen p\u00e5 acefootball.com. Uddannet i kommunikation fra Aalborg Universitet.","sameAs":["https:\/\/www.linkedin.com\/in\/mads-dreyer-b9b08266\/"],"url":"https:\/\/acefootball.com\/da\/fodboldnyheder\/author\/mdnronaldo\/"}]}},"fimg_url":"https:\/\/acefootball.com\/da\/wp-content\/uploads\/sites\/2\/2020\/08\/GettyImages-1205526019.jpg","_links":{"self":[{"href":"https:\/\/acefootball.com\/da\/wp-json\/wp\/v2\/posts\/234057"}],"collection":[{"href":"https:\/\/acefootball.com\/da\/wp-json\/wp\/v2\/posts"}],"about":[{"href":"https:\/\/acefootball.com\/da\/wp-json\/wp\/v2\/types\/post"}],"author":[{"embeddable":true,"href":"https:\/\/acefootball.com\/da\/wp-json\/wp\/v2\/users\/705"}],"replies":[{"embeddable":true,"href":"https:\/\/acefootball.com\/da\/wp-json\/wp\/v2\/comments?post=234057"}],"version-history":[{"count":0,"href":"https:\/\/acefootball.com\/da\/wp-json\/wp\/v2\/posts\/234057\/revisions"}],"wp:featuredmedia":[{"embeddable":true,"href":"https:\/\/acefootball.com\/da\/wp-json\/wp\/v2\/media\/234059"}],"wp:attachment":[{"href":"https:\/\/acefootball.com\/da\/wp-json\/wp\/v2\/media?parent=234057"}],"wp:term":[{"taxonomy":"category","embeddable":true,"href":"https:\/\/acefootball.com\/da\/wp-json\/wp\/v2\/categories?post=234057"},{"taxonomy":"post_tag","embeddable":true,"href":"https:\/\/acefootball.com\/da\/wp-json\/wp\/v2\/tags?post=234057"}],"curies":[{"name":"wp","href":"https:\/\/api.w.org\/{rel}","templated":true}]}}