{"id":234029,"date":"2020-08-13T13:33:22","date_gmt":"2020-08-13T11:33:22","guid":{"rendered":"https:\/\/acefootball.com\/da\/?p=234029"},"modified":"2020-08-13T13:34:41","modified_gmt":"2020-08-13T11:34:41","slug":"loentunge-ozil-saetter-sig-paa-tvaers-jeg-er-her-til-den-sidste-dag","status":"publish","type":"post","link":"https:\/\/acefootball.com\/da\/fodboldnyheder\/loentunge-ozil-saetter-sig-paa-tvaers-jeg-er-her-til-den-sidste-dag\/","title":{"rendered":"L\u00f8ntunge \u00d6zil s\u00e6tter sig p\u00e5 tv\u00e6rs: Jeg er her til den sidste dag"},"content":{"rendered":"\n<h2>Mesut \u00d6zil g\u00f8r det klart, at han under ingen omst\u00e6ndighed kommer til at forlade Arsenal, inden hans kontrakt udl\u00f8ber n\u00e6ste sommer<\/h2>\n\n\n\n<p>Mesut \u00d6zil har ikke spillet meget fodbold for Arsenal i seneste s\u00e6son, hvor det kun blev til et enkelt m\u00e5l og to opl\u00e6g i Premier League.<\/p>\n\n\n\n<div class=\"wp-block-si-widget wp-block-si-widget--center\"><si-lb-widget widget-id=\"PlayerSeasonProfile\" width=\"440\" data-card=\"true\" data-language=\"da\" data-provider=\"mrgreen\" data-player-id=\"36378\"><\/si-lb-widget><\/div>\n\n\n\n<p>Alligevel er han med l\u00e6ngder Arsenals bedst betalte spiller, og s\u00e5dan b\u00f8r det selvf\u00f8lgelig ikke h\u00e6nge sammen.<\/p>\n\n\n\n<p>Derfor har London-klubben denne sommer fors\u00f8gt at l\u00e6gge pres p\u00e5 for et skifte, og de skulle s\u00e5gar v\u00e6re klar til at lade ham skifte gratis bare for at spare hans l\u00f8nkroner.<\/p>\n\n\n\n<p>Dette kan de dog glemme alt om.<\/p>\n\n\n\n<p>&#8220;Mit standpunkt er klart og tydeligt,&#8221; siger \u00d6zil til <a href=\"https:\/\/theathletic.com\/1991627\/2020\/08\/13\/mesut-ozil-exclusive-pay-cut-arsenal-contract-job-losses-mikel-arteta-muslim-lives-matter\/\" target=\"_blank\" rel=\"noreferrer noopener\">The Athletic <\/a>og uddyber:<\/p>\n\n\n\n<p>&#8220;Jeg er her (i Arsenal, red) til den sidste dag af min kontrakt. Jeg giver alt, hvad jeg har til klubben. Disse situationer kan ikke f\u00e5 mig ned med nakken, de g\u00f8r mig kun st\u00e6rkere. Jeg har tidligere vist, at jeg kan k\u00e6mpe mig tilbage p\u00e5 holdet, og nu skal jeg vise det igen.&#8221;<\/p>\n\n\n\n<p>Den 31-\u00e5rige tysker har efterh\u00e5nden v\u00e6ret i klubben i syv \u00e5r, og han har stadig et enkelt \u00e5r tilbage af sin kontrakt med The Gunners.<\/p>\n\n\n\n<div class=\"wp-block-si-widget wp-block-si-widget--center\"><si-lb-widget widget-id=\"PlayerCareerSeasonsStats\" width=\"440\" data-card=\"true\" data-language=\"da\" data-provider=\"mrgreen\" data-player-id=\"36378\"><\/si-lb-widget><\/div>\n","protected":false},"excerpt":{"rendered":"<p>Mesut \u00d6zil g\u00f8r det klart, at han under ingen omst\u00e6ndighed kommer til at forlade Arsenal, inden hans kontrakt udl\u00f8ber n\u00e6ste sommer<\/p>\n","protected":false},"author":74,"featured_media":234032,"comment_status":"open","ping_status":"closed","sticky":false,"template":"","format":"standard","meta":{"om_disable_all_campaigns":false,"push_articles_ronaldo":{"active":false,"canonical":0,"publish":false},"force_updates":null},"categories":[8204],"tags":[227,788,134],"enet_tags":{"team":["9825"],"player":["36378"],"league":["47"],"sport_events":[]},"yoast_head":"<!-- This site is optimized with the Yoast SEO plugin v18.3 - https:\/\/yoast.com\/wordpress\/plugins\/seo\/ -->\n<title>L\u00f8ntunge \u00d6zil s\u00e6tter sig p\u00e5 tv\u00e6rs: Jeg er her til den sidste dag<\/title>\n<meta name=\"description\" content=\"Mesut \u00d6zil g\u00f8r det klart, at han under ingen omst\u00e6ndighed kommer til at forlade Arsenal, inden hans kontrakt udl\u00f8ber n\u00e6ste sommer\" \/>\n<meta name=\"robots\" content=\"index, follow, max-snippet:-1, max-image-preview:large, max-video-preview:-1\" \/>\n<link rel=\"canonical\" href=\"https:\/\/acefootball.com\/da\/fodboldnyheder\/loentunge-ozil-saetter-sig-paa-tvaers-jeg-er-her-til-den-sidste-dag\/\" \/>\n<meta property=\"og:locale\" content=\"en_US\" \/>\n<meta property=\"og:type\" content=\"article\" \/>\n<meta property=\"og:title\" content=\"L\u00f8ntunge \u00d6zil s\u00e6tter sig p\u00e5 tv\u00e6rs: Jeg er her til den sidste dag\" \/>\n<meta property=\"og:description\" content=\"Mesut \u00d6zil g\u00f8r det klart, at han under ingen omst\u00e6ndighed kommer til at forlade Arsenal, inden hans kontrakt udl\u00f8ber n\u00e6ste sommer\" \/>\n<meta property=\"og:url\" content=\"https:\/\/acefootball.com\/da\/fodboldnyheder\/loentunge-ozil-saetter-sig-paa-tvaers-jeg-er-her-til-den-sidste-dag\/\" \/>\n<meta property=\"og:site_name\" content=\"Ace Football Danmark\" \/>\n<meta property=\"article:publisher\" content=\"https:\/\/www.facebook.com\/acefootballdk\" \/>\n<meta property=\"article:published_time\" content=\"2020-08-13T11:33:22+00:00\" \/>\n<meta property=\"article:modified_time\" content=\"2020-08-13T11:34:41+00:00\" \/>\n<meta property=\"og:image\" content=\"https:\/\/acefootball.com\/da\/wp-content\/uploads\/sites\/2\/2020\/08\/GettyImages-1052761936.jpg\" \/>\n\t<meta property=\"og:image:width\" content=\"1024\" \/>\n\t<meta property=\"og:image:height\" content=\"690\" \/>\n\t<meta property=\"og:image:type\" content=\"image\/jpeg\" \/>\n<meta name=\"twitter:card\" content=\"summary_large_image\" \/>\n<meta name=\"twitter:label1\" content=\"Written by\" \/>\n\t<meta name=\"twitter:data1\" content=\"Patrick Hesselb\u00e6k\" \/>\n\t<meta name=\"twitter:label2\" content=\"Est. reading time\" \/>\n\t<meta name=\"twitter:data2\" content=\"1 minute\" \/>\n<script type=\"application\/ld+json\" class=\"yoast-schema-graph\">{\"@context\":\"https:\/\/schema.org\",\"@graph\":[{\"@type\":\"Organization\",\"@id\":\"https:\/\/acefootball.com\/da\/#organization\",\"name\":\"Ace Football\",\"url\":\"https:\/\/acefootball.com\/da\/\",\"sameAs\":[\"https:\/\/www.facebook.com\/acefootballdk\"],\"logo\":{\"@type\":\"ImageObject\",\"@id\":\"https:\/\/acefootball.com\/da\/#logo\",\"inLanguage\":\"en-US\",\"url\":\"https:\/\/acefootball.com\/da\/wp-content\/uploads\/sites\/2\/2020\/07\/Ace-Football-30-07-2020-2.png\",\"contentUrl\":\"https:\/\/acefootball.com\/da\/wp-content\/uploads\/sites\/2\/2020\/07\/Ace-Football-30-07-2020-2.png\",\"width\":1200,\"height\":600,\"caption\":\"Ace Football\"},\"image\":{\"@id\":\"https:\/\/acefootball.com\/da\/#logo\"}},{\"@type\":\"WebSite\",\"@id\":\"https:\/\/acefootball.com\/da\/#website\",\"url\":\"https:\/\/acefootball.com\/da\/\",\"name\":\"Ace Football Danmark\",\"description\":\"Nyheder, Spiltips &amp; Livescore\",\"publisher\":{\"@id\":\"https:\/\/acefootball.com\/da\/#organization\"},\"potentialAction\":[{\"@type\":\"SearchAction\",\"target\":{\"@type\":\"EntryPoint\",\"urlTemplate\":\"https:\/\/acefootball.com\/da\/?s={search_term_string}\"},\"query-input\":\"required name=search_term_string\"}],\"inLanguage\":\"en-US\"},{\"@type\":\"ImageObject\",\"@id\":\"https:\/\/acefootball.com\/da\/fodboldnyheder\/loentunge-ozil-saetter-sig-paa-tvaers-jeg-er-her-til-den-sidste-dag\/#primaryimage\",\"inLanguage\":\"en-US\",\"url\":\"https:\/\/acefootball.com\/da\/wp-content\/uploads\/sites\/2\/2020\/08\/GettyImages-1052761936.jpg\",\"contentUrl\":\"https:\/\/acefootball.com\/da\/wp-content\/uploads\/sites\/2\/2020\/08\/GettyImages-1052761936.jpg\",\"width\":1024,\"height\":690,\"caption\":\"LONDON, ENGLAND - OCTOBER 22: Mesut Ozil of Arsenal celebrates after he scores his sides first goal during the Premier League match between Arsenal FC and Leicester City at Emirates Stadium on October 22, 2018 in London, United Kingdom. (Photo by Clive Rose\/Getty Images)\"},{\"@type\":\"WebPage\",\"@id\":\"https:\/\/acefootball.com\/da\/fodboldnyheder\/loentunge-ozil-saetter-sig-paa-tvaers-jeg-er-her-til-den-sidste-dag\/#webpage\",\"url\":\"https:\/\/acefootball.com\/da\/fodboldnyheder\/loentunge-ozil-saetter-sig-paa-tvaers-jeg-er-her-til-den-sidste-dag\/\",\"name\":\"L\u00f8ntunge \u00d6zil s\u00e6tter sig p\u00e5 tv\u00e6rs: Jeg er her til den sidste dag\",\"isPartOf\":{\"@id\":\"https:\/\/acefootball.com\/da\/#website\"},\"primaryImageOfPage\":{\"@id\":\"https:\/\/acefootball.com\/da\/fodboldnyheder\/loentunge-ozil-saetter-sig-paa-tvaers-jeg-er-her-til-den-sidste-dag\/#primaryimage\"},\"datePublished\":\"2020-08-13T11:33:22+00:00\",\"dateModified\":\"2020-08-13T11:34:41+00:00\",\"description\":\"Mesut \u00d6zil g\u00f8r det klart, at han under ingen omst\u00e6ndighed kommer til at forlade Arsenal, inden hans kontrakt udl\u00f8ber n\u00e6ste sommer\",\"breadcrumb\":{\"@id\":\"https:\/\/acefootball.com\/da\/fodboldnyheder\/loentunge-ozil-saetter-sig-paa-tvaers-jeg-er-her-til-den-sidste-dag\/#breadcrumb\"},\"inLanguage\":\"en-US\",\"potentialAction\":[{\"@type\":\"ReadAction\",\"target\":[\"https:\/\/acefootball.com\/da\/fodboldnyheder\/loentunge-ozil-saetter-sig-paa-tvaers-jeg-er-her-til-den-sidste-dag\/\"]}]},{\"@type\":\"BreadcrumbList\",\"@id\":\"https:\/\/acefootball.com\/da\/fodboldnyheder\/loentunge-ozil-saetter-sig-paa-tvaers-jeg-er-her-til-den-sidste-dag\/#breadcrumb\",\"itemListElement\":[{\"@type\":\"ListItem\",\"position\":1,\"name\":\"Home\",\"item\":\"https:\/\/acefootball.com\/da\/\"},{\"@type\":\"ListItem\",\"position\":2,\"name\":\"L\u00f8ntunge \u00d6zil s\u00e6tter sig p\u00e5 tv\u00e6rs: Jeg er her til den sidste dag\"}]},{\"@type\":\"Article\",\"@id\":\"https:\/\/acefootball.com\/da\/fodboldnyheder\/loentunge-ozil-saetter-sig-paa-tvaers-jeg-er-her-til-den-sidste-dag\/#article\",\"isPartOf\":{\"@id\":\"https:\/\/acefootball.com\/da\/fodboldnyheder\/loentunge-ozil-saetter-sig-paa-tvaers-jeg-er-her-til-den-sidste-dag\/#webpage\"},\"author\":{\"@id\":\"https:\/\/acefootball.com\/da\/#\/schema\/person\/fd6223a1c033400b41da7853ddf88c84\"},\"headline\":\"L\u00f8ntunge \u00d6zil s\u00e6tter sig p\u00e5 tv\u00e6rs: Jeg er her til den sidste dag\",\"datePublished\":\"2020-08-13T11:33:22+00:00\",\"dateModified\":\"2020-08-13T11:34:41+00:00\",\"mainEntityOfPage\":{\"@id\":\"https:\/\/acefootball.com\/da\/fodboldnyheder\/loentunge-ozil-saetter-sig-paa-tvaers-jeg-er-her-til-den-sidste-dag\/#webpage\"},\"wordCount\":233,\"commentCount\":0,\"publisher\":{\"@id\":\"https:\/\/acefootball.com\/da\/#organization\"},\"image\":{\"@id\":\"https:\/\/acefootball.com\/da\/fodboldnyheder\/loentunge-ozil-saetter-sig-paa-tvaers-jeg-er-her-til-den-sidste-dag\/#primaryimage\"},\"thumbnailUrl\":\"https:\/\/acefootball.com\/da\/wp-content\/uploads\/sites\/2\/2020\/08\/GettyImages-1052761936.jpg\",\"keywords\":[\"Arsenal\",\"Mesut \u00d6zil\",\"Premier League\"],\"articleSection\":[\"Udtalelse\"],\"inLanguage\":\"en-US\",\"potentialAction\":[{\"@type\":\"CommentAction\",\"name\":\"Comment\",\"target\":[\"https:\/\/acefootball.com\/da\/fodboldnyheder\/loentunge-ozil-saetter-sig-paa-tvaers-jeg-er-her-til-den-sidste-dag\/#respond\"]}]},{\"@type\":\"Person\",\"@id\":\"https:\/\/acefootball.com\/da\/#\/schema\/person\/fd6223a1c033400b41da7853ddf88c84\",\"name\":\"Patrick Hesselb\u00e6k\",\"image\":{\"@type\":\"ImageObject\",\"@id\":\"https:\/\/acefootball.com\/da\/#personlogo\",\"inLanguage\":\"en-US\",\"url\":\"https:\/\/secure.gravatar.com\/avatar\/7919060992759bffbffb199d6cbdce6f?s=96&d=mm&r=g\",\"contentUrl\":\"https:\/\/secure.gravatar.com\/avatar\/7919060992759bffbffb199d6cbdce6f?s=96&d=mm&r=g\",\"caption\":\"Patrick Hesselb\u00e6k\"},\"description\":\"Redakt\u00f8r p\u00e5 den danske Ace Football-redaktion. Uddannet i kommunikation fra Aalborg Universitet. Prim\u00e6rt fokus p\u00e5 den danske 3F Superliga og de st\u00f8rste europ\u00e6iske turneringer.\",\"sameAs\":[\"https:\/\/www.linkedin.com\/in\/patrick-hesselbk-2a4b1711a\/\"],\"url\":\"https:\/\/acefootball.com\/da\/fodboldnyheder\/author\/patrickhesselbaek\/\"}]}<\/script>\n<!-- \/ Yoast SEO plugin. -->","yoast_head_json":{"title":"L\u00f8ntunge \u00d6zil s\u00e6tter sig p\u00e5 tv\u00e6rs: Jeg er her til den sidste dag","description":"Mesut \u00d6zil g\u00f8r det klart, at han under ingen omst\u00e6ndighed kommer til at forlade Arsenal, inden hans kontrakt udl\u00f8ber n\u00e6ste sommer","robots":{"index":"index","follow":"follow","max-snippet":"max-snippet:-1","max-image-preview":"max-image-preview:large","max-video-preview":"max-video-preview:-1"},"canonical":"https:\/\/acefootball.com\/da\/fodboldnyheder\/loentunge-ozil-saetter-sig-paa-tvaers-jeg-er-her-til-den-sidste-dag\/","og_locale":"en_US","og_type":"article","og_title":"L\u00f8ntunge \u00d6zil s\u00e6tter sig p\u00e5 tv\u00e6rs: Jeg er her til den sidste dag","og_description":"Mesut \u00d6zil g\u00f8r det klart, at han under ingen omst\u00e6ndighed kommer til at forlade Arsenal, inden hans kontrakt udl\u00f8ber n\u00e6ste sommer","og_url":"https:\/\/acefootball.com\/da\/fodboldnyheder\/loentunge-ozil-saetter-sig-paa-tvaers-jeg-er-her-til-den-sidste-dag\/","og_site_name":"Ace Football Danmark","article_publisher":"https:\/\/www.facebook.com\/acefootballdk","article_published_time":"2020-08-13T11:33:22+00:00","article_modified_time":"2020-08-13T11:34:41+00:00","og_image":[{"width":1024,"height":690,"url":"https:\/\/acefootball.com\/da\/wp-content\/uploads\/sites\/2\/2020\/08\/GettyImages-1052761936.jpg","type":"image\/jpeg"}],"twitter_card":"summary_large_image","twitter_misc":{"Written by":"Patrick Hesselb\u00e6k","Est. reading time":"1 minute"},"schema":{"@context":"https:\/\/schema.org","@graph":[{"@type":"Organization","@id":"https:\/\/acefootball.com\/da\/#organization","name":"Ace Football","url":"https:\/\/acefootball.com\/da\/","sameAs":["https:\/\/www.facebook.com\/acefootballdk"],"logo":{"@type":"ImageObject","@id":"https:\/\/acefootball.com\/da\/#logo","inLanguage":"en-US","url":"https:\/\/acefootball.com\/da\/wp-content\/uploads\/sites\/2\/2020\/07\/Ace-Football-30-07-2020-2.png","contentUrl":"https:\/\/acefootball.com\/da\/wp-content\/uploads\/sites\/2\/2020\/07\/Ace-Football-30-07-2020-2.png","width":1200,"height":600,"caption":"Ace Football"},"image":{"@id":"https:\/\/acefootball.com\/da\/#logo"}},{"@type":"WebSite","@id":"https:\/\/acefootball.com\/da\/#website","url":"https:\/\/acefootball.com\/da\/","name":"Ace Football Danmark","description":"Nyheder, Spiltips &amp; Livescore","publisher":{"@id":"https:\/\/acefootball.com\/da\/#organization"},"potentialAction":[{"@type":"SearchAction","target":{"@type":"EntryPoint","urlTemplate":"https:\/\/acefootball.com\/da\/?s={search_term_string}"},"query-input":"required name=search_term_string"}],"inLanguage":"en-US"},{"@type":"ImageObject","@id":"https:\/\/acefootball.com\/da\/fodboldnyheder\/loentunge-ozil-saetter-sig-paa-tvaers-jeg-er-her-til-den-sidste-dag\/#primaryimage","inLanguage":"en-US","url":"https:\/\/acefootball.com\/da\/wp-content\/uploads\/sites\/2\/2020\/08\/GettyImages-1052761936.jpg","contentUrl":"https:\/\/acefootball.com\/da\/wp-content\/uploads\/sites\/2\/2020\/08\/GettyImages-1052761936.jpg","width":1024,"height":690,"caption":"LONDON, ENGLAND - OCTOBER 22: Mesut Ozil of Arsenal celebrates after he scores his sides first goal during the Premier League match between Arsenal FC and Leicester City at Emirates Stadium on October 22, 2018 in London, United Kingdom. (Photo by Clive Rose\/Getty Images)"},{"@type":"WebPage","@id":"https:\/\/acefootball.com\/da\/fodboldnyheder\/loentunge-ozil-saetter-sig-paa-tvaers-jeg-er-her-til-den-sidste-dag\/#webpage","url":"https:\/\/acefootball.com\/da\/fodboldnyheder\/loentunge-ozil-saetter-sig-paa-tvaers-jeg-er-her-til-den-sidste-dag\/","name":"L\u00f8ntunge \u00d6zil s\u00e6tter sig p\u00e5 tv\u00e6rs: Jeg er her til den sidste dag","isPartOf":{"@id":"https:\/\/acefootball.com\/da\/#website"},"primaryImageOfPage":{"@id":"https:\/\/acefootball.com\/da\/fodboldnyheder\/loentunge-ozil-saetter-sig-paa-tvaers-jeg-er-her-til-den-sidste-dag\/#primaryimage"},"datePublished":"2020-08-13T11:33:22+00:00","dateModified":"2020-08-13T11:34:41+00:00","description":"Mesut \u00d6zil g\u00f8r det klart, at han under ingen omst\u00e6ndighed kommer til at forlade Arsenal, inden hans kontrakt udl\u00f8ber n\u00e6ste sommer","breadcrumb":{"@id":"https:\/\/acefootball.com\/da\/fodboldnyheder\/loentunge-ozil-saetter-sig-paa-tvaers-jeg-er-her-til-den-sidste-dag\/#breadcrumb"},"inLanguage":"en-US","potentialAction":[{"@type":"ReadAction","target":["https:\/\/acefootball.com\/da\/fodboldnyheder\/loentunge-ozil-saetter-sig-paa-tvaers-jeg-er-her-til-den-sidste-dag\/"]}]},{"@type":"BreadcrumbList","@id":"https:\/\/acefootball.com\/da\/fodboldnyheder\/loentunge-ozil-saetter-sig-paa-tvaers-jeg-er-her-til-den-sidste-dag\/#breadcrumb","itemListElement":[{"@type":"ListItem","position":1,"name":"Home","item":"https:\/\/acefootball.com\/da\/"},{"@type":"ListItem","position":2,"name":"L\u00f8ntunge \u00d6zil s\u00e6tter sig p\u00e5 tv\u00e6rs: Jeg er her til den sidste dag"}]},{"@type":"Article","@id":"https:\/\/acefootball.com\/da\/fodboldnyheder\/loentunge-ozil-saetter-sig-paa-tvaers-jeg-er-her-til-den-sidste-dag\/#article","isPartOf":{"@id":"https:\/\/acefootball.com\/da\/fodboldnyheder\/loentunge-ozil-saetter-sig-paa-tvaers-jeg-er-her-til-den-sidste-dag\/#webpage"},"author":{"@id":"https:\/\/acefootball.com\/da\/#\/schema\/person\/fd6223a1c033400b41da7853ddf88c84"},"headline":"L\u00f8ntunge \u00d6zil s\u00e6tter sig p\u00e5 tv\u00e6rs: Jeg er her til den sidste dag","datePublished":"2020-08-13T11:33:22+00:00","dateModified":"2020-08-13T11:34:41+00:00","mainEntityOfPage":{"@id":"https:\/\/acefootball.com\/da\/fodboldnyheder\/loentunge-ozil-saetter-sig-paa-tvaers-jeg-er-her-til-den-sidste-dag\/#webpage"},"wordCount":233,"commentCount":0,"publisher":{"@id":"https:\/\/acefootball.com\/da\/#organization"},"image":{"@id":"https:\/\/acefootball.com\/da\/fodboldnyheder\/loentunge-ozil-saetter-sig-paa-tvaers-jeg-er-her-til-den-sidste-dag\/#primaryimage"},"thumbnailUrl":"https:\/\/acefootball.com\/da\/wp-content\/uploads\/sites\/2\/2020\/08\/GettyImages-1052761936.jpg","keywords":["Arsenal","Mesut \u00d6zil","Premier League"],"articleSection":["Udtalelse"],"inLanguage":"en-US","potentialAction":[{"@type":"CommentAction","name":"Comment","target":["https:\/\/acefootball.com\/da\/fodboldnyheder\/loentunge-ozil-saetter-sig-paa-tvaers-jeg-er-her-til-den-sidste-dag\/#respond"]}]},{"@type":"Person","@id":"https:\/\/acefootball.com\/da\/#\/schema\/person\/fd6223a1c033400b41da7853ddf88c84","name":"Patrick Hesselb\u00e6k","image":{"@type":"ImageObject","@id":"https:\/\/acefootball.com\/da\/#personlogo","inLanguage":"en-US","url":"https:\/\/secure.gravatar.com\/avatar\/7919060992759bffbffb199d6cbdce6f?s=96&d=mm&r=g","contentUrl":"https:\/\/secure.gravatar.com\/avatar\/7919060992759bffbffb199d6cbdce6f?s=96&d=mm&r=g","caption":"Patrick Hesselb\u00e6k"},"description":"Redakt\u00f8r p\u00e5 den danske Ace Football-redaktion. Uddannet i kommunikation fra Aalborg Universitet. Prim\u00e6rt fokus p\u00e5 den danske 3F Superliga og de st\u00f8rste europ\u00e6iske turneringer.","sameAs":["https:\/\/www.linkedin.com\/in\/patrick-hesselbk-2a4b1711a\/"],"url":"https:\/\/acefootball.com\/da\/fodboldnyheder\/author\/patrickhesselbaek\/"}]}},"fimg_url":"https:\/\/acefootball.com\/da\/wp-content\/uploads\/sites\/2\/2020\/08\/GettyImages-1052761936.jpg","_links":{"self":[{"href":"https:\/\/acefootball.com\/da\/wp-json\/wp\/v2\/posts\/234029"}],"collection":[{"href":"https:\/\/acefootball.com\/da\/wp-json\/wp\/v2\/posts"}],"about":[{"href":"https:\/\/acefootball.com\/da\/wp-json\/wp\/v2\/types\/post"}],"author":[{"embeddable":true,"href":"https:\/\/acefootball.com\/da\/wp-json\/wp\/v2\/users\/74"}],"replies":[{"embeddable":true,"href":"https:\/\/acefootball.com\/da\/wp-json\/wp\/v2\/comments?post=234029"}],"version-history":[{"count":0,"href":"https:\/\/acefootball.com\/da\/wp-json\/wp\/v2\/posts\/234029\/revisions"}],"wp:featuredmedia":[{"embeddable":true,"href":"https:\/\/acefootball.com\/da\/wp-json\/wp\/v2\/media\/234032"}],"wp:attachment":[{"href":"https:\/\/acefootball.com\/da\/wp-json\/wp\/v2\/media?parent=234029"}],"wp:term":[{"taxonomy":"category","embeddable":true,"href":"https:\/\/acefootball.com\/da\/wp-json\/wp\/v2\/categories?post=234029"},{"taxonomy":"post_tag","embeddable":true,"href":"https:\/\/acefootball.com\/da\/wp-json\/wp\/v2\/tags?post=234029"}],"curies":[{"name":"wp","href":"https:\/\/api.w.org\/{rel}","templated":true}]}}