{"id":234014,"date":"2020-08-13T10:22:09","date_gmt":"2020-08-13T08:22:09","guid":{"rendered":"https:\/\/acefootball.com\/da\/?p=234014"},"modified":"2020-08-13T10:23:10","modified_gmt":"2020-08-13T08:23:10","slug":"lokalt-medie-celta-giver-emre-mor-loebepas","status":"publish","type":"post","link":"https:\/\/acefootball.com\/da\/fodboldnyheder\/lokalt-medie-celta-giver-emre-mor-loebepas\/","title":{"rendered":"Lokalt medie: Celta giver Emre Mor l\u00f8bepas"},"content":{"rendered":"\n<h2>Celta Vigo \u00f8nsker ikke at beholde Emre Mor, som de if\u00f8lge La Voz de Galicia har bedt se sig om efter en ny klub<\/h2>\n\n\n\n<p>Emre Mor s\u00e5 ud til at kunne blive en vaske\u00e6gte superstjerne, da FC Nordsj\u00e6lland i 2016 solgte den dansk-tyrkiske offensivspiller til Borussia Dortmund for et rekordbel\u00f8b i dansk sammenh\u00e6ng.<\/p>\n\n\n\n<p>Til trods for en fin start i det tyske, blev det aldrig til det store gennembrud, og \u00e5ret efter blev han sendt videre til Celta Vigo, hvor han igen startede fint, men her blev potentialet heller aldrig for alvor forl\u00f8st, og i sidste s\u00e6son var han b\u00e5de udlejet til Galatasaray og Olympiakos uden nogen succes.<\/p>\n\n\n\n<p>Nu skulle Celta Vigo dog have f\u00e5et nok af Mor, og de har if\u00f8lge det lokale medie <a href=\"https:\/\/www.lavozdegalicia.es\/noticia\/gradario\/2020\/07\/26\/maletas-listas-puerta\/0003_202007V26P41991.htm\" target=\"_blank\" rel=\"noreferrer noopener\">La Voz de Galicia<\/a> bedt ham om at pakke kufferten og finde et andet sted at spille fodbold.<\/p>\n\n\n\n<p>Mor har spillet 39 kampe for Celta, hvor det er blevet til et enkelt m\u00e5l og to opl\u00e6g, og han har kontrakt frem til 2022.<\/p>\n","protected":false},"excerpt":{"rendered":"<p>Celta Vigo \u00f8nsker ikke at beholde Emre Mor, som de if\u00f8lge La Voz de Galicia har bedt se sig om efter en ny klub<\/p>\n","protected":false},"author":74,"featured_media":234015,"comment_status":"open","ping_status":"closed","sticky":false,"template":"","format":"standard","meta":{"om_disable_all_campaigns":false,"push_articles_ronaldo":{"active":false,"canonical":0,"publish":false},"force_updates":null},"categories":[7],"tags":[465,144,303],"enet_tags":{"team":["9910"],"player":["683333"],"league":["87"],"sport_events":[]},"yoast_head":"<!-- This site is optimized with the Yoast SEO plugin v18.3 - https:\/\/yoast.com\/wordpress\/plugins\/seo\/ -->\n<title>Lokalt medie: Celta giver Emre Mor l\u00f8bepas<\/title>\n<meta name=\"description\" content=\"Celta Vigo \u00f8nsker ikke at beholde Emre Mor, som de if\u00f8lge La Voz de Galicia har bedt se sig om efter en ny klub\" \/>\n<meta name=\"robots\" content=\"index, follow, max-snippet:-1, max-image-preview:large, max-video-preview:-1\" \/>\n<link rel=\"canonical\" href=\"https:\/\/acefootball.com\/da\/fodboldnyheder\/lokalt-medie-celta-giver-emre-mor-loebepas\/\" \/>\n<meta property=\"og:locale\" content=\"en_US\" \/>\n<meta property=\"og:type\" content=\"article\" \/>\n<meta property=\"og:title\" content=\"Lokalt medie: Celta giver Emre Mor l\u00f8bepas\" \/>\n<meta property=\"og:description\" content=\"Celta Vigo \u00f8nsker ikke at beholde Emre Mor, som de if\u00f8lge La Voz de Galicia har bedt se sig om efter en ny klub\" \/>\n<meta property=\"og:url\" content=\"https:\/\/acefootball.com\/da\/fodboldnyheder\/lokalt-medie-celta-giver-emre-mor-loebepas\/\" \/>\n<meta property=\"og:site_name\" content=\"Ace Football Danmark\" \/>\n<meta property=\"article:publisher\" content=\"https:\/\/www.facebook.com\/acefootballdk\" \/>\n<meta property=\"article:published_time\" content=\"2020-08-13T08:22:09+00:00\" \/>\n<meta property=\"article:modified_time\" content=\"2020-08-13T08:23:10+00:00\" \/>\n<meta property=\"og:image\" content=\"https:\/\/acefootball.com\/da\/wp-content\/uploads\/sites\/2\/2020\/08\/GettyImages-904100142.jpg\" \/>\n\t<meta property=\"og:image:width\" content=\"1024\" \/>\n\t<meta property=\"og:image:height\" content=\"683\" \/>\n\t<meta property=\"og:image:type\" content=\"image\/jpeg\" \/>\n<meta name=\"twitter:card\" content=\"summary_large_image\" \/>\n<meta name=\"twitter:label1\" content=\"Written by\" \/>\n\t<meta name=\"twitter:data1\" content=\"Patrick Hesselb\u00e6k\" \/>\n\t<meta name=\"twitter:label2\" content=\"Est. reading time\" \/>\n\t<meta name=\"twitter:data2\" content=\"1 minute\" \/>\n<script type=\"application\/ld+json\" class=\"yoast-schema-graph\">{\"@context\":\"https:\/\/schema.org\",\"@graph\":[{\"@type\":\"Organization\",\"@id\":\"https:\/\/acefootball.com\/da\/#organization\",\"name\":\"Ace Football\",\"url\":\"https:\/\/acefootball.com\/da\/\",\"sameAs\":[\"https:\/\/www.facebook.com\/acefootballdk\"],\"logo\":{\"@type\":\"ImageObject\",\"@id\":\"https:\/\/acefootball.com\/da\/#logo\",\"inLanguage\":\"en-US\",\"url\":\"https:\/\/acefootball.com\/da\/wp-content\/uploads\/sites\/2\/2020\/07\/Ace-Football-30-07-2020-2.png\",\"contentUrl\":\"https:\/\/acefootball.com\/da\/wp-content\/uploads\/sites\/2\/2020\/07\/Ace-Football-30-07-2020-2.png\",\"width\":1200,\"height\":600,\"caption\":\"Ace Football\"},\"image\":{\"@id\":\"https:\/\/acefootball.com\/da\/#logo\"}},{\"@type\":\"WebSite\",\"@id\":\"https:\/\/acefootball.com\/da\/#website\",\"url\":\"https:\/\/acefootball.com\/da\/\",\"name\":\"Ace Football Danmark\",\"description\":\"Nyheder, Spiltips &amp; Livescore\",\"publisher\":{\"@id\":\"https:\/\/acefootball.com\/da\/#organization\"},\"potentialAction\":[{\"@type\":\"SearchAction\",\"target\":{\"@type\":\"EntryPoint\",\"urlTemplate\":\"https:\/\/acefootball.com\/da\/?s={search_term_string}\"},\"query-input\":\"required name=search_term_string\"}],\"inLanguage\":\"en-US\"},{\"@type\":\"ImageObject\",\"@id\":\"https:\/\/acefootball.com\/da\/fodboldnyheder\/lokalt-medie-celta-giver-emre-mor-loebepas\/#primaryimage\",\"inLanguage\":\"en-US\",\"url\":\"https:\/\/acefootball.com\/da\/wp-content\/uploads\/sites\/2\/2020\/08\/GettyImages-904100142.jpg\",\"contentUrl\":\"https:\/\/acefootball.com\/da\/wp-content\/uploads\/sites\/2\/2020\/08\/GettyImages-904100142.jpg\",\"width\":1024,\"height\":683,\"caption\":\"BARCELONA, SPAIN - JANUARY 11: Andre Gomes of FC Barcelona competes for the ball with Emre Mor of RC Celta de Vigo during the Copa del Rey round of 16 second leg match between FC Barcelona and Celta de Vigo at Camp Nou on January 11, 2018 in Barcelona, Spain. (Photo by David Ramos\/Getty Images)\"},{\"@type\":\"WebPage\",\"@id\":\"https:\/\/acefootball.com\/da\/fodboldnyheder\/lokalt-medie-celta-giver-emre-mor-loebepas\/#webpage\",\"url\":\"https:\/\/acefootball.com\/da\/fodboldnyheder\/lokalt-medie-celta-giver-emre-mor-loebepas\/\",\"name\":\"Lokalt medie: Celta giver Emre Mor l\u00f8bepas\",\"isPartOf\":{\"@id\":\"https:\/\/acefootball.com\/da\/#website\"},\"primaryImageOfPage\":{\"@id\":\"https:\/\/acefootball.com\/da\/fodboldnyheder\/lokalt-medie-celta-giver-emre-mor-loebepas\/#primaryimage\"},\"datePublished\":\"2020-08-13T08:22:09+00:00\",\"dateModified\":\"2020-08-13T08:23:10+00:00\",\"description\":\"Celta Vigo \u00f8nsker ikke at beholde Emre Mor, som de if\u00f8lge La Voz de Galicia har bedt se sig om efter en ny klub\",\"breadcrumb\":{\"@id\":\"https:\/\/acefootball.com\/da\/fodboldnyheder\/lokalt-medie-celta-giver-emre-mor-loebepas\/#breadcrumb\"},\"inLanguage\":\"en-US\",\"potentialAction\":[{\"@type\":\"ReadAction\",\"target\":[\"https:\/\/acefootball.com\/da\/fodboldnyheder\/lokalt-medie-celta-giver-emre-mor-loebepas\/\"]}]},{\"@type\":\"BreadcrumbList\",\"@id\":\"https:\/\/acefootball.com\/da\/fodboldnyheder\/lokalt-medie-celta-giver-emre-mor-loebepas\/#breadcrumb\",\"itemListElement\":[{\"@type\":\"ListItem\",\"position\":1,\"name\":\"Home\",\"item\":\"https:\/\/acefootball.com\/da\/\"},{\"@type\":\"ListItem\",\"position\":2,\"name\":\"Lokalt medie: Celta giver Emre Mor l\u00f8bepas\"}]},{\"@type\":\"Article\",\"@id\":\"https:\/\/acefootball.com\/da\/fodboldnyheder\/lokalt-medie-celta-giver-emre-mor-loebepas\/#article\",\"isPartOf\":{\"@id\":\"https:\/\/acefootball.com\/da\/fodboldnyheder\/lokalt-medie-celta-giver-emre-mor-loebepas\/#webpage\"},\"author\":{\"@id\":\"https:\/\/acefootball.com\/da\/#\/schema\/person\/fd6223a1c033400b41da7853ddf88c84\"},\"headline\":\"Lokalt medie: Celta giver Emre Mor l\u00f8bepas\",\"datePublished\":\"2020-08-13T08:22:09+00:00\",\"dateModified\":\"2020-08-13T08:23:10+00:00\",\"mainEntityOfPage\":{\"@id\":\"https:\/\/acefootball.com\/da\/fodboldnyheder\/lokalt-medie-celta-giver-emre-mor-loebepas\/#webpage\"},\"wordCount\":185,\"commentCount\":0,\"publisher\":{\"@id\":\"https:\/\/acefootball.com\/da\/#organization\"},\"image\":{\"@id\":\"https:\/\/acefootball.com\/da\/fodboldnyheder\/lokalt-medie-celta-giver-emre-mor-loebepas\/#primaryimage\"},\"thumbnailUrl\":\"https:\/\/acefootball.com\/da\/wp-content\/uploads\/sites\/2\/2020\/08\/GettyImages-904100142.jpg\",\"keywords\":[\"Celta Vigo\",\"Emre Mor\",\"La Liga\"],\"articleSection\":[\"Transfer\"],\"inLanguage\":\"en-US\",\"potentialAction\":[{\"@type\":\"CommentAction\",\"name\":\"Comment\",\"target\":[\"https:\/\/acefootball.com\/da\/fodboldnyheder\/lokalt-medie-celta-giver-emre-mor-loebepas\/#respond\"]}]},{\"@type\":\"Person\",\"@id\":\"https:\/\/acefootball.com\/da\/#\/schema\/person\/fd6223a1c033400b41da7853ddf88c84\",\"name\":\"Patrick Hesselb\u00e6k\",\"image\":{\"@type\":\"ImageObject\",\"@id\":\"https:\/\/acefootball.com\/da\/#personlogo\",\"inLanguage\":\"en-US\",\"url\":\"https:\/\/secure.gravatar.com\/avatar\/7919060992759bffbffb199d6cbdce6f?s=96&d=mm&r=g\",\"contentUrl\":\"https:\/\/secure.gravatar.com\/avatar\/7919060992759bffbffb199d6cbdce6f?s=96&d=mm&r=g\",\"caption\":\"Patrick Hesselb\u00e6k\"},\"description\":\"Redakt\u00f8r p\u00e5 den danske Ace Football-redaktion. Uddannet i kommunikation fra Aalborg Universitet. Prim\u00e6rt fokus p\u00e5 den danske 3F Superliga og de st\u00f8rste europ\u00e6iske turneringer.\",\"sameAs\":[\"https:\/\/www.linkedin.com\/in\/patrick-hesselbk-2a4b1711a\/\"],\"url\":\"https:\/\/acefootball.com\/da\/fodboldnyheder\/author\/patrickhesselbaek\/\"}]}<\/script>\n<!-- \/ Yoast SEO plugin. -->","yoast_head_json":{"title":"Lokalt medie: Celta giver Emre Mor l\u00f8bepas","description":"Celta Vigo \u00f8nsker ikke at beholde Emre Mor, som de if\u00f8lge La Voz de Galicia har bedt se sig om efter en ny klub","robots":{"index":"index","follow":"follow","max-snippet":"max-snippet:-1","max-image-preview":"max-image-preview:large","max-video-preview":"max-video-preview:-1"},"canonical":"https:\/\/acefootball.com\/da\/fodboldnyheder\/lokalt-medie-celta-giver-emre-mor-loebepas\/","og_locale":"en_US","og_type":"article","og_title":"Lokalt medie: Celta giver Emre Mor l\u00f8bepas","og_description":"Celta Vigo \u00f8nsker ikke at beholde Emre Mor, som de if\u00f8lge La Voz de Galicia har bedt se sig om efter en ny klub","og_url":"https:\/\/acefootball.com\/da\/fodboldnyheder\/lokalt-medie-celta-giver-emre-mor-loebepas\/","og_site_name":"Ace Football Danmark","article_publisher":"https:\/\/www.facebook.com\/acefootballdk","article_published_time":"2020-08-13T08:22:09+00:00","article_modified_time":"2020-08-13T08:23:10+00:00","og_image":[{"width":1024,"height":683,"url":"https:\/\/acefootball.com\/da\/wp-content\/uploads\/sites\/2\/2020\/08\/GettyImages-904100142.jpg","type":"image\/jpeg"}],"twitter_card":"summary_large_image","twitter_misc":{"Written by":"Patrick Hesselb\u00e6k","Est. reading time":"1 minute"},"schema":{"@context":"https:\/\/schema.org","@graph":[{"@type":"Organization","@id":"https:\/\/acefootball.com\/da\/#organization","name":"Ace Football","url":"https:\/\/acefootball.com\/da\/","sameAs":["https:\/\/www.facebook.com\/acefootballdk"],"logo":{"@type":"ImageObject","@id":"https:\/\/acefootball.com\/da\/#logo","inLanguage":"en-US","url":"https:\/\/acefootball.com\/da\/wp-content\/uploads\/sites\/2\/2020\/07\/Ace-Football-30-07-2020-2.png","contentUrl":"https:\/\/acefootball.com\/da\/wp-content\/uploads\/sites\/2\/2020\/07\/Ace-Football-30-07-2020-2.png","width":1200,"height":600,"caption":"Ace Football"},"image":{"@id":"https:\/\/acefootball.com\/da\/#logo"}},{"@type":"WebSite","@id":"https:\/\/acefootball.com\/da\/#website","url":"https:\/\/acefootball.com\/da\/","name":"Ace Football Danmark","description":"Nyheder, Spiltips &amp; Livescore","publisher":{"@id":"https:\/\/acefootball.com\/da\/#organization"},"potentialAction":[{"@type":"SearchAction","target":{"@type":"EntryPoint","urlTemplate":"https:\/\/acefootball.com\/da\/?s={search_term_string}"},"query-input":"required name=search_term_string"}],"inLanguage":"en-US"},{"@type":"ImageObject","@id":"https:\/\/acefootball.com\/da\/fodboldnyheder\/lokalt-medie-celta-giver-emre-mor-loebepas\/#primaryimage","inLanguage":"en-US","url":"https:\/\/acefootball.com\/da\/wp-content\/uploads\/sites\/2\/2020\/08\/GettyImages-904100142.jpg","contentUrl":"https:\/\/acefootball.com\/da\/wp-content\/uploads\/sites\/2\/2020\/08\/GettyImages-904100142.jpg","width":1024,"height":683,"caption":"BARCELONA, SPAIN - JANUARY 11: Andre Gomes of FC Barcelona competes for the ball with Emre Mor of RC Celta de Vigo during the Copa del Rey round of 16 second leg match between FC Barcelona and Celta de Vigo at Camp Nou on January 11, 2018 in Barcelona, Spain. (Photo by David Ramos\/Getty Images)"},{"@type":"WebPage","@id":"https:\/\/acefootball.com\/da\/fodboldnyheder\/lokalt-medie-celta-giver-emre-mor-loebepas\/#webpage","url":"https:\/\/acefootball.com\/da\/fodboldnyheder\/lokalt-medie-celta-giver-emre-mor-loebepas\/","name":"Lokalt medie: Celta giver Emre Mor l\u00f8bepas","isPartOf":{"@id":"https:\/\/acefootball.com\/da\/#website"},"primaryImageOfPage":{"@id":"https:\/\/acefootball.com\/da\/fodboldnyheder\/lokalt-medie-celta-giver-emre-mor-loebepas\/#primaryimage"},"datePublished":"2020-08-13T08:22:09+00:00","dateModified":"2020-08-13T08:23:10+00:00","description":"Celta Vigo \u00f8nsker ikke at beholde Emre Mor, som de if\u00f8lge La Voz de Galicia har bedt se sig om efter en ny klub","breadcrumb":{"@id":"https:\/\/acefootball.com\/da\/fodboldnyheder\/lokalt-medie-celta-giver-emre-mor-loebepas\/#breadcrumb"},"inLanguage":"en-US","potentialAction":[{"@type":"ReadAction","target":["https:\/\/acefootball.com\/da\/fodboldnyheder\/lokalt-medie-celta-giver-emre-mor-loebepas\/"]}]},{"@type":"BreadcrumbList","@id":"https:\/\/acefootball.com\/da\/fodboldnyheder\/lokalt-medie-celta-giver-emre-mor-loebepas\/#breadcrumb","itemListElement":[{"@type":"ListItem","position":1,"name":"Home","item":"https:\/\/acefootball.com\/da\/"},{"@type":"ListItem","position":2,"name":"Lokalt medie: Celta giver Emre Mor l\u00f8bepas"}]},{"@type":"Article","@id":"https:\/\/acefootball.com\/da\/fodboldnyheder\/lokalt-medie-celta-giver-emre-mor-loebepas\/#article","isPartOf":{"@id":"https:\/\/acefootball.com\/da\/fodboldnyheder\/lokalt-medie-celta-giver-emre-mor-loebepas\/#webpage"},"author":{"@id":"https:\/\/acefootball.com\/da\/#\/schema\/person\/fd6223a1c033400b41da7853ddf88c84"},"headline":"Lokalt medie: Celta giver Emre Mor l\u00f8bepas","datePublished":"2020-08-13T08:22:09+00:00","dateModified":"2020-08-13T08:23:10+00:00","mainEntityOfPage":{"@id":"https:\/\/acefootball.com\/da\/fodboldnyheder\/lokalt-medie-celta-giver-emre-mor-loebepas\/#webpage"},"wordCount":185,"commentCount":0,"publisher":{"@id":"https:\/\/acefootball.com\/da\/#organization"},"image":{"@id":"https:\/\/acefootball.com\/da\/fodboldnyheder\/lokalt-medie-celta-giver-emre-mor-loebepas\/#primaryimage"},"thumbnailUrl":"https:\/\/acefootball.com\/da\/wp-content\/uploads\/sites\/2\/2020\/08\/GettyImages-904100142.jpg","keywords":["Celta Vigo","Emre Mor","La Liga"],"articleSection":["Transfer"],"inLanguage":"en-US","potentialAction":[{"@type":"CommentAction","name":"Comment","target":["https:\/\/acefootball.com\/da\/fodboldnyheder\/lokalt-medie-celta-giver-emre-mor-loebepas\/#respond"]}]},{"@type":"Person","@id":"https:\/\/acefootball.com\/da\/#\/schema\/person\/fd6223a1c033400b41da7853ddf88c84","name":"Patrick Hesselb\u00e6k","image":{"@type":"ImageObject","@id":"https:\/\/acefootball.com\/da\/#personlogo","inLanguage":"en-US","url":"https:\/\/secure.gravatar.com\/avatar\/7919060992759bffbffb199d6cbdce6f?s=96&d=mm&r=g","contentUrl":"https:\/\/secure.gravatar.com\/avatar\/7919060992759bffbffb199d6cbdce6f?s=96&d=mm&r=g","caption":"Patrick Hesselb\u00e6k"},"description":"Redakt\u00f8r p\u00e5 den danske Ace Football-redaktion. Uddannet i kommunikation fra Aalborg Universitet. Prim\u00e6rt fokus p\u00e5 den danske 3F Superliga og de st\u00f8rste europ\u00e6iske turneringer.","sameAs":["https:\/\/www.linkedin.com\/in\/patrick-hesselbk-2a4b1711a\/"],"url":"https:\/\/acefootball.com\/da\/fodboldnyheder\/author\/patrickhesselbaek\/"}]}},"fimg_url":"https:\/\/acefootball.com\/da\/wp-content\/uploads\/sites\/2\/2020\/08\/GettyImages-904100142.jpg","_links":{"self":[{"href":"https:\/\/acefootball.com\/da\/wp-json\/wp\/v2\/posts\/234014"}],"collection":[{"href":"https:\/\/acefootball.com\/da\/wp-json\/wp\/v2\/posts"}],"about":[{"href":"https:\/\/acefootball.com\/da\/wp-json\/wp\/v2\/types\/post"}],"author":[{"embeddable":true,"href":"https:\/\/acefootball.com\/da\/wp-json\/wp\/v2\/users\/74"}],"replies":[{"embeddable":true,"href":"https:\/\/acefootball.com\/da\/wp-json\/wp\/v2\/comments?post=234014"}],"version-history":[{"count":0,"href":"https:\/\/acefootball.com\/da\/wp-json\/wp\/v2\/posts\/234014\/revisions"}],"wp:featuredmedia":[{"embeddable":true,"href":"https:\/\/acefootball.com\/da\/wp-json\/wp\/v2\/media\/234015"}],"wp:attachment":[{"href":"https:\/\/acefootball.com\/da\/wp-json\/wp\/v2\/media?parent=234014"}],"wp:term":[{"taxonomy":"category","embeddable":true,"href":"https:\/\/acefootball.com\/da\/wp-json\/wp\/v2\/categories?post=234014"},{"taxonomy":"post_tag","embeddable":true,"href":"https:\/\/acefootball.com\/da\/wp-json\/wp\/v2\/tags?post=234014"}],"curies":[{"name":"wp","href":"https:\/\/api.w.org\/{rel}","templated":true}]}}